{"id":924938,"date":"2025-06-15T18:57:00","date_gmt":"2025-06-15T16:57:00","guid":{"rendered":"https:\/\/gradski.me\/uncategorized\/sep-bez-ekoloskih-standarda-nema-evrope\/"},"modified":"2025-06-15T18:57:00","modified_gmt":"2025-06-15T16:57:00","slug":"sep-bez-ekoloskih-standarda-nema-evrope","status":"publish","type":"post","link":"https:\/\/gradski.me\/en\/politika\/sep-bez-ekoloskih-standarda-nema-evrope\/","title":{"rendered":"SEP: Bez ekolo\u0161kih standarda nema Evrope"},"content":{"rendered":"<p><\/p>\n\n\n\n<p>Na skupu je poru\u010deno da &nbsp;ekolo\u0161ka dr\u017eava nije i ne smije biti samo floskula, ve\u0107 obaveza koju su institucije odavno morale shvatiti ozbiljno.<\/p>\n\n\n\n<p>\u010clanice Savjeta smatraju da se ne mo\u017ee govoriti o evropskoj budu\u0107nosti Crne Gore, dok nam deponije zaga\u0111uju rijeke, a klimatske promjene dobijaju samo protokolarni zna\u010daj.<\/p>\n\n\n\n<p>Poseban akcenat stavljen je na va\u017enost zatvaranja pregovara\u010dkog poglavlja 27 \u2013 Za\u0161tita \u017eivotne sredine i klimatske promjene, koje predstavlja jedan od klju\u010dnih koraka u procesu evropskih integracija Crne Gore.<\/p>\n\n\n\n<p>Savjet \u017eena SEP-a poru\u010duje da&nbsp; je unapre\u0111enje politike za\u0161tite \u017eivotne sredine dugoro\u010dna investicija u zdravlje, turizam i kvalitet \u017eivota svih gra\u0111ana i da&nbsp; zatvaranje poglavlja 27 mora biti prioritet, ako zaista \u017eelimo evropske standarde i odr\u017eivi razvoj ne samo deklarativno, ve\u0107 stvarno.<\/p>\n\n\n\n<p>U Savjetu \u017eena SEP-a isti\u010du da ovakvi susreti imaju za cilj ja\u010danje svijesti o zelenim politikama, ali i podsje\u0107anje da su \u017eene va\u017ean pokreta\u010d promjena u dru\u0161tvu, naro\u010dito kada je rije\u010d o \u017eivotnoj sredini, zdravlju i kvalitetu \u017eivota budu\u0107ih generacija.<\/p>\n\n\n\n<p>Savjet \u017eena Stranke evropskog progresa nastavi\u0107e da aktivno zagovara konkretne mjere za\u0161tite \u017eivotne sredine i tra\u017ei ve\u0107u odgovornost institucija u pogledu ispunjavanja evropskih obaveza.<\/p>","protected":false},"excerpt":{"rendered":"<p>Povodom Svjetskog dana za\u0161tite \u017eivotne sredine, Savjet \u017eena Stranke evropskog progresa organizovao je radno-dru\u0161tveno okupljanje u Nacionalnom parku Skadarsko jezero, sa ciljem ukazivanja na va\u017enost o\u010duvanja prirodnih resursa i podsje\u0107anja da Crna Gora mora djelovati u skladu sa svojim ustavnim opredjeljenjem kao ekolo\u0161ka dr\u017eava.<\/p>","protected":false},"author":1,"featured_media":924939,"comment_status":"open","ping_status":"open","sticky":false,"template":"","format":"standard","meta":{"_acf_changed":false,"footnotes":"","jetpack_publicize_message":"","jetpack_publicize_feature_enabled":true,"jetpack_social_post_already_shared":false,"jetpack_social_options":{"image_generator_settings":{"template":"highway","default_image_id":0,"font":"","enabled":false},"version":2}},"categories":[7],"tags":[23902,1723,3041],"naslovna":[],"class_list":["post-924938","post","type-post","status-publish","format-standard","has-post-thumbnail","hentry","category-politika","tag-ekoloski-standardi","tag-evropa","tag-stranka-evropskog-progresa"],"acf":[],"jetpack_publicize_connections":[],"_links":{"self":[{"href":"https:\/\/gradski.me\/en\/wp-json\/wp\/v2\/posts\/924938","targetHints":{"allow":["GET"]}}],"collection":[{"href":"https:\/\/gradski.me\/en\/wp-json\/wp\/v2\/posts"}],"about":[{"href":"https:\/\/gradski.me\/en\/wp-json\/wp\/v2\/types\/post"}],"author":[{"embeddable":true,"href":"https:\/\/gradski.me\/en\/wp-json\/wp\/v2\/users\/1"}],"replies":[{"embeddable":true,"href":"https:\/\/gradski.me\/en\/wp-json\/wp\/v2\/comments?post=924938"}],"version-history":[{"count":0,"href":"https:\/\/gradski.me\/en\/wp-json\/wp\/v2\/posts\/924938\/revisions"}],"wp:featuredmedia":[{"embeddable":true,"href":"https:\/\/gradski.me\/en\/wp-json\/wp\/v2\/media\/924939"}],"wp:attachment":[{"href":"https:\/\/gradski.me\/en\/wp-json\/wp\/v2\/media?parent=924938"}],"wp:term":[{"taxonomy":"category","embeddable":true,"href":"https:\/\/gradski.me\/en\/wp-json\/wp\/v2\/categories?post=924938"},{"taxonomy":"post_tag","embeddable":true,"href":"https:\/\/gradski.me\/en\/wp-json\/wp\/v2\/tags?post=924938"},{"taxonomy":"naslovna","embeddable":true,"href":"https:\/\/gradski.me\/en\/wp-json\/wp\/v2\/naslovna?post=924938"}],"curies":[{"name":"wp","href":"https:\/\/api.w.org\/{rel}","templated":true}]}}