{"id":924721,"date":"2025-06-14T12:34:00","date_gmt":"2025-06-14T10:34:00","guid":{"rendered":"https:\/\/gradski.me\/uncategorized\/poker-pionira-za-kraj-turnira-u-sarajevu-savic-vidjeli-smo-cime-raspolazemo-pred-nama-je-dosta-rada\/"},"modified":"2025-06-14T12:34:00","modified_gmt":"2025-06-14T10:34:00","slug":"poker-pionira-za-kraj-turnira-u-sarajevu-savic-vidjeli-smo-cime-raspolazemo-pred-nama-je-dosta-rada","status":"publish","type":"post","link":"https:\/\/gradski.me\/en\/sport\/poker-pionira-za-kraj-turnira-u-sarajevu-savic-vidjeli-smo-cime-raspolazemo-pred-nama-je-dosta-rada\/","title":{"rendered":"&#8222;Poker&#8220; pionira za kraj turnira u Sarajevu, Savi\u0107: Vidjeli smo \u010dime raspola\u017eemo, pred nama je dosta rada"},"content":{"rendered":"<p>,,Sokoli\u0107i\u201c su prikazali dobru igru i upisali trijumf rezultatom 4:0. U strijelce su se upisali \u0110or\u0111e Markovi\u0107, Nemanja Ni\u0161avi\u0107, Pavle Carevi\u0107 i Simon Kalezi\u0107.<\/p>\n\n\n\n<p>&#8211; Dana\u0161nji me\u010d skroz je bio druga\u010diji od ju\u010dera\u0161njeg. Najva\u017enije je da je pristup me\u010du bio onakav kakav treba da bude, od starta smo krenuli jako, sa mnogo \u017eelje i borbenosti. Rano smo postigli dva gola, imali \u0161anse za jo\u0161 koji, da bismo u drugom dijelu upisali jo\u0161 dva. Ovo okupljanje je poslu\u017eilo svrsi, svi pozvani igra\u010di dobili su priliku i vidjeli smo \u010dime raspola\u017eemo trenutno. Tek je prvo okupljanje i pred nama je dosta rada, kazao je selektor Vladan Savi\u0107.<\/p>","protected":false},"excerpt":{"rendered":"<p>Pionirska fudbalska reprezentacija Crne Gore pobjedom nad selekcijom Sarajeva zaklju\u010dila je nastup na turniru ,,Josik \u0160kija Katalinski\u201c.<\/p>","protected":false},"author":7,"featured_media":924722,"comment_status":"open","ping_status":"open","sticky":false,"template":"","format":"standard","meta":{"_acf_changed":false,"footnotes":"","jetpack_publicize_message":"","jetpack_publicize_feature_enabled":true,"jetpack_social_post_already_shared":false,"jetpack_social_options":{"image_generator_settings":{"template":"highway","default_image_id":0,"font":"","enabled":false},"version":2}},"categories":[15],"tags":[6244,12697,765,2595],"naslovna":[],"class_list":["post-924721","post","type-post","status-publish","format-standard","has-post-thumbnail","hentry","category-sport","tag-pioniri","tag-pionirska-fudbalska-reprezentacija-crne-gore","tag-sarajevo","tag-vladan-savic"],"acf":[],"jetpack_publicize_connections":[],"_links":{"self":[{"href":"https:\/\/gradski.me\/en\/wp-json\/wp\/v2\/posts\/924721","targetHints":{"allow":["GET"]}}],"collection":[{"href":"https:\/\/gradski.me\/en\/wp-json\/wp\/v2\/posts"}],"about":[{"href":"https:\/\/gradski.me\/en\/wp-json\/wp\/v2\/types\/post"}],"author":[{"embeddable":true,"href":"https:\/\/gradski.me\/en\/wp-json\/wp\/v2\/users\/7"}],"replies":[{"embeddable":true,"href":"https:\/\/gradski.me\/en\/wp-json\/wp\/v2\/comments?post=924721"}],"version-history":[{"count":0,"href":"https:\/\/gradski.me\/en\/wp-json\/wp\/v2\/posts\/924721\/revisions"}],"wp:featuredmedia":[{"embeddable":true,"href":"https:\/\/gradski.me\/en\/wp-json\/wp\/v2\/media\/924722"}],"wp:attachment":[{"href":"https:\/\/gradski.me\/en\/wp-json\/wp\/v2\/media?parent=924721"}],"wp:term":[{"taxonomy":"category","embeddable":true,"href":"https:\/\/gradski.me\/en\/wp-json\/wp\/v2\/categories?post=924721"},{"taxonomy":"post_tag","embeddable":true,"href":"https:\/\/gradski.me\/en\/wp-json\/wp\/v2\/tags?post=924721"},{"taxonomy":"naslovna","embeddable":true,"href":"https:\/\/gradski.me\/en\/wp-json\/wp\/v2\/naslovna?post=924721"}],"curies":[{"name":"wp","href":"https:\/\/api.w.org\/{rel}","templated":true}]}}