{"id":924710,"date":"2025-06-14T11:07:00","date_gmt":"2025-06-14T09:07:00","guid":{"rendered":"https:\/\/gradski.me\/uncategorized\/varvari-najveci-jubilej-u-nasim-zivotima-protekao-kao-u-najgorim-kosmarima-svih-iskrenih-navijaca-buducnosti\/"},"modified":"2025-06-14T11:07:00","modified_gmt":"2025-06-14T09:07:00","slug":"varvari-najveci-jubilej-u-nasim-zivotima-protekao-kao-u-najgorim-kosmarima-svih-iskrenih-navijaca-buducnosti","status":"publish","type":"post","link":"https:\/\/gradski.me\/en\/sport\/varvari-najveci-jubilej-u-nasim-zivotima-protekao-kao-u-najgorim-kosmarima-svih-iskrenih-navijaca-buducnosti\/","title":{"rendered":"Varvari: Najve\u0107i jubilej u na\u0161im \u017eivotima protekao kao u najgorim ko\u0161marima svih iskrenih navija\u010da Budu\u0107nosti"},"content":{"rendered":"<p>&#8222;Varvari&#8220; su poru\u010dili da \u0107e sami organizovati proslavu u \u010dast vijeka postojanja njihovog voljenog kluba, bez kako navode &#8222;ikakvih peckih protokola i gluposti na koje se furaju ovi veliki znalci i da poka\u017eemo \u0161to zna\u010di pravo dru\u017eenje i proslava kluba uz kojeg su mnoge generacije prolile znoj i suze ali i te kako i radost&#8220;. <\/p>\n\n\n\n<p><strong><em>We are publishing their statement in its entirety.<\/em><\/strong><\/p>\n\n\n\n<p>\u201c100 GODINA najve\u0107eg sportskog kolektiva u na\u0161em gradu i zemlji je jubilej kojim se ne mo\u017ee pohvaliti mnogo klubova kako u zemlji tako i u regionu. Najve\u0107i jubilej u na\u0161im \u017eivotima je protekao kao u najgorim ko\u0161marima svih iskrenih navija\u010da Budu\u0107nosti.<\/p>\n\n\n\n<p>Jubilej se spremao mjesecima, ka\u017eu nam organizatori, a mi se ironi\u010dno i sa masu cinizma klanjamo majstorstvu i znanju jer ukoliko su mjeseci bili potrebni da bi na na\u0161em glavnom trgu okupili par stotina ljudi, pitamo se koliko bi vremena bilo potrebno za par hiljada ljudi?<\/p>\n\n\n\n<p>Dakle, jubilej smo proslavili tako \u0161to smo ofarbali par pje\u0161a\u010dkih staza, zasadili malo ljubi\u010dastog cvije\u0107a, oka\u010dili par bandera sa rahiti\u010dnim zastavicama i nekom kao akademijom \u0111e se pratio taj neki protokol koji veze nema sa onim \u0161to zna\u010di ime Budu\u0107nost.<br><br>A me\u0111u tih par stotina ljudi i zvanica u prvom redu sjede politi\u010dari i ljudi za koje uglavnom nismo znali ko su ni \u0161to su? Ka\u017eu politi\u010dari, institucije, sponzori? Pa da li je bitnije da u prvom redu sjede ljudi koji su dali novac za produkciju, binu, producente i malo marketinga ili ljudi koji su zaslu\u017eni \u0161to je ime Budu\u0107nost takvo kakvo jeste, veliko i mo\u0107no?<br><br>Zgro\u017eeni smo razmi\u0161ljanju o nekim protokolima koji Tonka Miro\u010devi\u0107a i ostale legende kluba pozicioniraju pet stepenika ni\u017ee od jednog sponzora i politi\u010dara koji \u0107e biti tu do idu\u0107ih izbora. To se, draga na\u0161a gospodo iz Uprave i organizacije jubileja uop\u0161te ne poklapa sa iskrenim navijanjem za Budu\u0107nost. Zgro\u017eeni smo \u0161to se uop\u0161te hvalite i branite \u2018komemoraciju\u2019 od sino\u0107.<\/p>\n\n\n\n<p>Ti najbitniji ljudi stadion na mapi ne mogu prona\u0107i, a da ne pri\u010damo o tome koliko su svi zajedno na tom tu\u017enom skupu prisustvovali utakmica ove sezone, niti znaju da je trener persona non grata \u2013 koja \u0107e vrlo brzo, u demokratskoj atmosferi, da leti.<br><br>Sama pomisao na to da se nisu udostojili plakete da uru\u010de legendama kluba sve govori o toj nakaradnoj organizaciji. Da li je zaista ego ljudi iz uprave i organizacije bio toliko veliki da nisu htjeli NIJEDNOG navija\u010da pozvati i pitati za savjet ili komentar na njihove ideje?<\/p>\n\n\n\n<p>Pre\u017eivje\u0107e navija\u010di Budu\u0107nosti i ove stru\u010dnjake, a mi, Varvari, obe\u0107avamo pravu, gradsku i modernu proslavu povodom 100 GODINA na\u0161eg voljenog kluba, bez ikakvih peckih protokola i gluposti na koje se furaju ovi veliki znalci i da poka\u017eemo \u0161to zna\u010di pravo dru\u017eenje i proslava kluba uz kojeg su mnoge generacije prolile znoj i suze ali itekako i radost\u201d, stoji u sao\u0161tenju Varvara.<\/p>\n\n\n\n<p><\/p>","protected":false},"excerpt":{"rendered":"<p>Dan nakon proslave stogodi\u0161njice Fudbalskog kluba Budu\u0107nost, oglasili se se navija\u010di podgori\u010dkog kluba, popularni &#8222;Varvari&#8220; koji su istakli nezadovoljstvo zbog odnosa kluba prema legendama, kao i samom organizacijom \u010ditavog skupa.<\/p>","protected":false},"author":7,"featured_media":919572,"comment_status":"open","ping_status":"open","sticky":false,"template":"","format":"standard","meta":{"_acf_changed":false,"footnotes":"","jetpack_publicize_message":"","jetpack_publicize_feature_enabled":true,"jetpack_social_post_already_shared":false,"jetpack_social_options":{"image_generator_settings":{"template":"highway","default_image_id":0,"font":"","enabled":false},"version":2}},"categories":[15],"tags":[171,23819,207,2125],"naslovna":[],"class_list":["post-924710","post","type-post","status-publish","format-standard","has-post-thumbnail","hentry","category-sport","tag-fk-buducnost","tag-proslava-stogodisnjice-kluba","tag-saopstenje","tag-varvari"],"acf":[],"jetpack_publicize_connections":[],"_links":{"self":[{"href":"https:\/\/gradski.me\/en\/wp-json\/wp\/v2\/posts\/924710","targetHints":{"allow":["GET"]}}],"collection":[{"href":"https:\/\/gradski.me\/en\/wp-json\/wp\/v2\/posts"}],"about":[{"href":"https:\/\/gradski.me\/en\/wp-json\/wp\/v2\/types\/post"}],"author":[{"embeddable":true,"href":"https:\/\/gradski.me\/en\/wp-json\/wp\/v2\/users\/7"}],"replies":[{"embeddable":true,"href":"https:\/\/gradski.me\/en\/wp-json\/wp\/v2\/comments?post=924710"}],"version-history":[{"count":0,"href":"https:\/\/gradski.me\/en\/wp-json\/wp\/v2\/posts\/924710\/revisions"}],"wp:featuredmedia":[{"embeddable":true,"href":"https:\/\/gradski.me\/en\/wp-json\/wp\/v2\/media\/919572"}],"wp:attachment":[{"href":"https:\/\/gradski.me\/en\/wp-json\/wp\/v2\/media?parent=924710"}],"wp:term":[{"taxonomy":"category","embeddable":true,"href":"https:\/\/gradski.me\/en\/wp-json\/wp\/v2\/categories?post=924710"},{"taxonomy":"post_tag","embeddable":true,"href":"https:\/\/gradski.me\/en\/wp-json\/wp\/v2\/tags?post=924710"},{"taxonomy":"naslovna","embeddable":true,"href":"https:\/\/gradski.me\/en\/wp-json\/wp\/v2\/naslovna?post=924710"}],"curies":[{"name":"wp","href":"https:\/\/api.w.org\/{rel}","templated":true}]}}