{"id":924649,"date":"2025-06-14T06:05:00","date_gmt":"2025-06-14T04:05:00","guid":{"rendered":"https:\/\/gradski.me\/uncategorized\/reformisati-javnu-upravu-razvijati-realnu-ekonomiju\/"},"modified":"2025-06-14T06:05:00","modified_gmt":"2025-06-14T04:05:00","slug":"reformisati-javnu-upravu-razvijati-realnu-ekonomiju","status":"publish","type":"post","link":"https:\/\/gradski.me\/en\/ekonomija\/reformisati-javnu-upravu-razvijati-realnu-ekonomiju\/","title":{"rendered":"Reformisati javnu upravu, razvijati realnu ekonomiju"},"content":{"rendered":"<p><\/p>\n\n\n\n<p>Evropska komisija u mi\u0161ljenju na program ekonomskih reformi do 2027. pozvala je Vladu da smanji teku\u0107u potro\u0161nju, \u0161to uklju\u010duje plate, penzije i socijalna davanja. Skepti\u010dni su i povodom ekonomskog rasta koji bi prema prognozi za ovu godinu trebalo da bude 4,8 odsto. U prvom kvartalu bio je 2,5 procenata, ka\u017ee za na\u0161 Radio ekonomski analiti\u010dar Mirza Mule\u0161kovi\u0107.<\/p>\n\n\n\n<p>&#8222;Ima\u0107emo mi blagi rast bruto dru\u0161tvenog proizvoda, ali \u010dinjenica je da je ta stopa od 4,8% po mom mi\u0161ljenju prevelika je i da je te\u0161ko dosti\u0107i tokom 2025. godine, a tako\u0111e ne treba zaboraviti izvje\u0161taje svih relevantnih me\u0111unarodnih institucija koje su \u010dak i smanjile potencijalnu stopu rasta za 2025. godinu Crne Gore, od Evropske komisije do Svjetske banke, pa imamo neke projekcije od 2,6% do 3%&#8220;, ka\u017ee Mule\u0161kovi\u0107.<\/p>\n\n\n\n<p><img decoding=\"async\" width=\"100%\" src=\"https:\/\/rtcg.me\/upload\/\/media\/2022\/6\/30\/8\/37\/519\/1208773\/resize\/2166799\/Davor_Doki\u0107_506x900\" alt=\"Davor Doki\u0107\" title=\"\"><strong>Davor Dokic<\/strong> (Foto: <strong>RTCG<\/strong>)<\/p>\n\n\n\n<p>Projektovana stopa rasta mogla je biti dostignuta da je po\u010dela izgradnja druge dionice auto-puta od Kola\u0161ina prema Andrijevici, smatra ekonomski analiti\u010dar Davor Doki\u0107.<\/p>\n\n\n\n<p>&#8222;Me\u0111utim, po\u0161to kasnimo, jedini na\u010din da pove\u0107amo stopu rasta je da privu\u010demo strane direktne investicije, da ne\u0161to od na\u0161ih prirodnih potencijala, prije svega tu mislim na turisti\u010dke, da ih stavimo u funkciju i da do\u0111u ljudi koji imaju novac i da ulo\u017ee i to bi bio lanac koji bi se pokrenuo&#8220;, ka\u017ee on.<\/p>\n\n\n\n<p>Doki\u0107 isti\u010de i da je kupovna mo\u0107 oslabljena inflacijom i da je u ovom trenutku, uprkos pove\u0107anjima zarada, manja nego \u0161to je bila prethodnih godina.<\/p>\n\n\n\n<p>Vidite i sami da nema proizvoda koji nije poskupio, tako da bih vi\u0161e obratio pa\u017enju na realne ekonomske pokazatelje, a realni ekonomski pokazatelji nijesu takvi kakvim \u017eele da nam se predstave, nego na\u017ealost, gori&#8220;, ka\u017ee analiti\u010dar.<\/p>\n\n\n\n<figure class=\"wp-block-image size-full\"><img decoding=\"async\" src=\"https:\/\/rtvpg.me\/wp-content\/uploads\/2025\/06\/Mirza-Muleskovic-foto-gradski.jpg\" alt=\"\" class=\"wp-image-771740\" title=\"\"><figcaption class=\"wp-element-caption\"><strong>Mule\u0161kovi\u0107<\/strong>, foto: <strong>Gradski<\/strong><\/figcaption><\/figure>\n\n\n\n<p>Da ranjivost prihodne strane i optere\u0107enost bud\u017eeta tro\u0161kovima mo\u017ee ugroziti odr\u017eivost javnih finansija, upozorava Mule\u0161kovi\u0107.<\/p>\n\n\n\n<p>&#8222;Vlada bi mnogo vi\u0161e morala da se potrudi da se zapo\u010dnu reforme javne uprave, da se radi mnogo vi\u0161e na smanjivanju neproduktivnih tro\u0161kova \u0161to je bilo najavljeno, \u0161to se ne de\u0161ava, i naravno da se posveti mnogo vi\u0161e razvoju realne ekonomije. Jer ono \u0161to smo mi kreirali kao sistem jeste da je posao u javnoj administraciji opet bolje pla\u0107en i atraktivan u odnosu na realnu ekonomiju, a zaboravljamo \u010dinjenicu da upravo ta realna ekonomija treba da finansira sve to&#8220;, zaklju\u010duje Mule\u0161kovi\u0107.<\/p>\n\n\n\n<p>Analiti\u010dari zaklju\u010duju da su poruke iz Brisela o\u010dekivane i da zaslu\u017euju da ih izvr\u0161na vlast ozbiljno razmotri.<\/p>","protected":false},"excerpt":{"rendered":"<p>Mi\u0161ljenje Evropske komisije o programu ekonomskih reformi do 2027. u kojem se izra\u017eava sumnja u projektovani ekonomski rast i poziva na smanjenje javne potro\u0161nje za ekonomske analiti\u010dare je, ka\u017eu, o\u010dekivano.<\/p>","protected":false},"author":1,"featured_media":918506,"comment_status":"open","ping_status":"open","sticky":false,"template":"","format":"standard","meta":{"_acf_changed":false,"footnotes":"","jetpack_publicize_message":"","jetpack_publicize_feature_enabled":true,"jetpack_social_post_already_shared":false,"jetpack_social_options":{"image_generator_settings":{"template":"highway","default_image_id":0,"font":"","enabled":false},"version":2}},"categories":[8],"tags":[23776,17658],"naslovna":[],"class_list":["post-924649","post","type-post","status-publish","format-standard","has-post-thumbnail","hentry","category-ekonomija","tag-realna-ekonomija","tag-reforma-javne-uprave"],"acf":[],"jetpack_publicize_connections":[],"_links":{"self":[{"href":"https:\/\/gradski.me\/en\/wp-json\/wp\/v2\/posts\/924649","targetHints":{"allow":["GET"]}}],"collection":[{"href":"https:\/\/gradski.me\/en\/wp-json\/wp\/v2\/posts"}],"about":[{"href":"https:\/\/gradski.me\/en\/wp-json\/wp\/v2\/types\/post"}],"author":[{"embeddable":true,"href":"https:\/\/gradski.me\/en\/wp-json\/wp\/v2\/users\/1"}],"replies":[{"embeddable":true,"href":"https:\/\/gradski.me\/en\/wp-json\/wp\/v2\/comments?post=924649"}],"version-history":[{"count":0,"href":"https:\/\/gradski.me\/en\/wp-json\/wp\/v2\/posts\/924649\/revisions"}],"wp:featuredmedia":[{"embeddable":true,"href":"https:\/\/gradski.me\/en\/wp-json\/wp\/v2\/media\/918506"}],"wp:attachment":[{"href":"https:\/\/gradski.me\/en\/wp-json\/wp\/v2\/media?parent=924649"}],"wp:term":[{"taxonomy":"category","embeddable":true,"href":"https:\/\/gradski.me\/en\/wp-json\/wp\/v2\/categories?post=924649"},{"taxonomy":"post_tag","embeddable":true,"href":"https:\/\/gradski.me\/en\/wp-json\/wp\/v2\/tags?post=924649"},{"taxonomy":"naslovna","embeddable":true,"href":"https:\/\/gradski.me\/en\/wp-json\/wp\/v2\/naslovna?post=924649"}],"curies":[{"name":"wp","href":"https:\/\/api.w.org\/{rel}","templated":true}]}}