{"id":924525,"date":"2025-06-13T11:48:00","date_gmt":"2025-06-13T09:48:00","guid":{"rendered":"https:\/\/gradski.me\/uncategorized\/potpisan-ugovor-za-izgradnju-kuce-poljoprivrede-u-pljevljima-vrijedan-18-miliona-eura\/"},"modified":"2025-06-13T11:48:00","modified_gmt":"2025-06-13T09:48:00","slug":"potpisan-ugovor-za-izgradnju-kuce-poljoprivrede-u-pljevljima-vrijedan-18-miliona-eura","status":"publish","type":"post","link":"https:\/\/gradski.me\/en\/ekonomija\/potpisan-ugovor-za-izgradnju-kuce-poljoprivrede-u-pljevljima-vrijedan-18-miliona-eura\/","title":{"rendered":"Potpisan ugovor za izgradnju Ku\u0107e poljoprivrede u Pljevljima vrijedan 1,8 miliona eura"},"content":{"rendered":"<p><\/p>\n\n\n\n<p><\/p>\n\n\n\n<p>&#8222;Ovo je prva Ku\u0107a poljoprivrede u dr\u017eavi u kojoj \u0107e, osim regionalne kancelarije Direktorata za pla\u0107anja, biti smje\u0161tene savjetodavne slu\u017ebe i nadle\u017ene inspekcije Ministarstva iz oblasti poljoprivrede i bezbjednosti hrane, i op\u0161tinski Sekretarijat za poljoprivredu. Na taj na\u010din \u0107e poljoprivredni proizvo\u0111a\u010di iz Pljevalja na jednom mjestu dobiti sve potrebne informacije i usluge. Vjerujemo da \u0107e ovo biti administrativni centar za razvoj poljoprivrede u Pljevljima i ku\u0107a svih poljoprivrednih proizvo\u0111a\u010d i za poljoprivrednike iz \u017dabljaka, jer \u0107e kancelarija biti nadle\u017ena za ove dvije op\u0161tine, sa 46 zaposlenih&#8220;, kazao je Jokovi\u0107.<\/p>\n\n\n\n<p>Ministar je istakao da je od velikog zna\u010daja \u0161to se prvi ovakav objekat gradi u Pljevljima, uzimaju\u0107i u obzir broj poljoprivrednih proizvo\u0111a\u010da iz ovog dijela Crne Gore i njihov zna\u010daj za sveukupnu poljoprivrednu proizvodnju.<\/p>\n\n\n\n<p>Potpisivanju Ugovora je prisustvovao i predsjednik Op\u0161tine Dario Vrane\u0161, kao i dr\u017eavni sekretar Ministarstva, Krsto Ra\u0111enovi\u0107, direktor Direktorata za pla\u0107anja Marko Radonji\u0107 i menad\u017eerka MIDAS projetka Gorica Radulovi\u0107.<\/p>\n\n\n\n<p>Kako je saop\u0161teno iz Ministarstva poljoprivrede, radi se o prostoru od preko 600 kvadrata, na povr\u0161ini od 1.630 m2. Vrijednost investicije je 1,8 miliona eura. Izvo\u0111a\u010d radova je konzorcijum Tehno-Gradnja, Pljevlja i Cema Podgorica, dok \u0107e nadzor sprovoditi \u201eNik com\u201c Nik\u0161i\u0107. Rok za realizaciju je 12 mjeseci.<\/p>\n\n\n\n<p>Ministarstvo poljoprivrede je u skladu sa akcionim planom za zatvaranje Poglavlja 11 \u2013 poljoprivreda, du\u017eno da uspostavi mre\u017eu regionalnih kancelarija.<\/p>\n\n\n\n<p>&#8222;U Bijelom Polju je uspostavljena prva kancelarija 2020. godine, a nakon Pljevalja, ministar Jokovi\u0107 \u0107e naredne godine potpisati ugovor za izgradnju Ku\u0107e poljoprivrede u Beranama, dok je u toku postupak nabavki za izgradnju projekta u Nik\u0161i\u0107u&#8220;, najavljeno je iz Ministarstva poljoprivrede.<\/p>\n\n\n\n<p>Sve aktivnosti realizuju se u okviru MIDAS 2 projekta, koji se finansiran od strane Svjetske Banke.<\/p>\n\n\n\n<p>&#8222;Izgradnja ku\u0107e poljoprivrede u Nik\u0161i\u0107u i otvaranje kancelarije u Baru bi\u0107e realizovane u okviru novog kreditnog anga\u017emana Svjetske banke, \u010dija je priprema u toku, za potrebe finansiranja projekta za razvoj sektora poljoprivrede i ribarstva, kao i sektora bezbjednosti hrane, veterine i fitosanitarnih poslova&#8220;, navode iz resora na \u010dijem je \u010delu Jokovi\u0107.<\/p>\n\n\n\n<p>Regionalna kancelarija u Podgorici bi\u0107e otvorena nakon \u0161to se oslobodi prostor u kome se trenutno nalaze prostorije Direktorata za pla\u0107anja.<\/p>\n\n\n\n<p>&#8222;Na taj na\u010din bi\u0107e uspostavljena mre\u017ea regionalnih kancelarija koje \u0107e biti nadle\u017ene za operativno sprovo\u0111enje direktnih pla\u0107anja, mjera ruralnog razvoja i mjera zajedni\u010dke organizacije tr\u017ei\u0161ta&#8220;, saop\u0161teno je iz Ministarstva poljoprivrede.<\/p>","protected":false},"excerpt":{"rendered":"<p>Ministar poljoprivrede, \u0161umarstva i vodoprivrede, Vladimir Jokovi\u0107 i direktor &#8222;Tehnogradnje&#8220;, Mirko Bjekovi\u0107, potpisali su danas u Op\u0161tini Pljevlja Ugovor o izgradnji prve Ku\u0107e poljoprivrede u Crnoj Gori, vrijednosti od 1,8 miliona eura.<\/p>","protected":false},"author":1,"featured_media":924526,"comment_status":"open","ping_status":"open","sticky":false,"template":"","format":"standard","meta":{"_acf_changed":false,"footnotes":"","jetpack_publicize_message":"","jetpack_publicize_feature_enabled":true,"jetpack_social_post_already_shared":false,"jetpack_social_options":{"image_generator_settings":{"template":"highway","default_image_id":0,"font":"","enabled":false},"version":2}},"categories":[8],"tags":[4688,23732,2714,23733,2715,267],"naslovna":[],"class_list":["post-924525","post","type-post","status-publish","format-standard","has-post-thumbnail","hentry","category-ekonomija","tag-dario-vranes","tag-gorica-radulovic","tag-krsto-radjenovic","tag-kuca-poljoprivrede","tag-ministarstvo-poljoprivrede","tag-vladimir-jokovic"],"acf":[],"jetpack_publicize_connections":[],"_links":{"self":[{"href":"https:\/\/gradski.me\/en\/wp-json\/wp\/v2\/posts\/924525","targetHints":{"allow":["GET"]}}],"collection":[{"href":"https:\/\/gradski.me\/en\/wp-json\/wp\/v2\/posts"}],"about":[{"href":"https:\/\/gradski.me\/en\/wp-json\/wp\/v2\/types\/post"}],"author":[{"embeddable":true,"href":"https:\/\/gradski.me\/en\/wp-json\/wp\/v2\/users\/1"}],"replies":[{"embeddable":true,"href":"https:\/\/gradski.me\/en\/wp-json\/wp\/v2\/comments?post=924525"}],"version-history":[{"count":0,"href":"https:\/\/gradski.me\/en\/wp-json\/wp\/v2\/posts\/924525\/revisions"}],"wp:featuredmedia":[{"embeddable":true,"href":"https:\/\/gradski.me\/en\/wp-json\/wp\/v2\/media\/924526"}],"wp:attachment":[{"href":"https:\/\/gradski.me\/en\/wp-json\/wp\/v2\/media?parent=924525"}],"wp:term":[{"taxonomy":"category","embeddable":true,"href":"https:\/\/gradski.me\/en\/wp-json\/wp\/v2\/categories?post=924525"},{"taxonomy":"post_tag","embeddable":true,"href":"https:\/\/gradski.me\/en\/wp-json\/wp\/v2\/tags?post=924525"},{"taxonomy":"naslovna","embeddable":true,"href":"https:\/\/gradski.me\/en\/wp-json\/wp\/v2\/naslovna?post=924525"}],"curies":[{"name":"wp","href":"https:\/\/api.w.org\/{rel}","templated":true}]}}