{"id":924513,"date":"2025-06-13T10:51:00","date_gmt":"2025-06-13T08:51:00","guid":{"rendered":"https:\/\/gradski.me\/uncategorized\/radunovic-veoma-je-bitno-da-prostorni-plan-bude-usvojen-jednoglasno-politika-nije-bila-ukljucena\/"},"modified":"2025-06-13T10:51:00","modified_gmt":"2025-06-13T08:51:00","slug":"radunovic-veoma-je-bitno-da-prostorni-plan-bude-usvojen-jednoglasno-politika-nije-bila-ukljucena","status":"publish","type":"post","link":"https:\/\/gradski.me\/en\/drustvo\/radunovic-veoma-je-bitno-da-prostorni-plan-bude-usvojen-jednoglasno-politika-nije-bila-ukljucena\/","title":{"rendered":"Radunovi\u0107: Veoma je bitno da Prostorni plan bude usvojen jednoglasno, politika nije bila uklju\u010dena"},"content":{"rendered":"<p><\/p>\n\n\n\n<p>&#8222;Ju\u010de je Vlada utvrdila predlog Prostornog plana Crne Gore koji je \u017eeljno i\u0161\u010dekivan, s obzirom na to da je bio baza izrade budu\u0107ih planova. Nakon ovoga, plan \u0107e\u00a0biti poslat Skup\u0161tini Crne Gore i nakon toga \u0107e Svetlana Jovanovi\u0107,\u00a0rukovoditeljka izrade Prostornog plana Crne Gore, obaviti konsultacije sa poslani\u010dkim klubovima i nakon toga pristupi\u0107e se glasanju&#8220;, obja\u0161njava Radunovi\u0107. <\/p>\n\n\n\n<p>On je kazao da je za njih bitno da plan bude usvojen jednoglasno.<\/p>\n\n\n\n<p>&#8222;Trudili smo se da ne bude politika uklju\u010dena, ve\u0107\u00a0na na\u010din kako su to utvrdili Vlada i struka&#8220;, kazao je Radunovi\u0107.<\/p>\n\n\n\n<p>Jovanovi\u0107 navodi da je Prostorni plan najva\u017eniji strate\u0161ki dokument i njegove odrednice su va\u017ene za ostalu plansku dokumentaciju.<\/p>\n\n\n\n<p>&#8222;Stru\u010dni tim je nastojao da se obezbijedi strate\u0161ki okvir za budu\u0107i razvoj&#8220;, kazala je Jovanovi\u0107.<\/p>\n\n\n\n<p>Istakla je da su nastojali da Vladi\u00a0predlo\u017ee najbolje\u00a0strate\u0161ko rje\u0161enje.<\/p>\n\n\n\n<p>&#8222;Puno pa\u017enje posvetili smo za\u0161titi prostora ne samo zato \u0161to je Crna Gora ekolo\u0161ka dr\u017eava. Aspekt za\u0161tite mora biti visoko vrednovan. Nije lako u Crnoj Gori planirati infrastrukturu jer je puno za\u0161ti\u0107enih podru\u010dja&#8220;, zaklju\u010dila je Jovanovi\u0107.<\/p>","protected":false},"excerpt":{"rendered":"<p>Veoma je bitno da Prostorni plan bude usvojen jednoglasno. Trudili smo se da ne bude uklju\u010dena politika, ve\u0107 na na\u010din kako su to utvrdili Vlada i struka, kazao je ministar prostornog planiranja, urbanizma i dr\u017eavne imovine, Slaven Radunovi\u0107 na dana\u0161njoj konferenciji za medije.<\/p>","protected":false},"author":1,"featured_media":924514,"comment_status":"open","ping_status":"open","sticky":false,"template":"","format":"standard","meta":{"_acf_changed":false,"footnotes":"","jetpack_publicize_message":"","jetpack_publicize_feature_enabled":true,"jetpack_social_post_already_shared":false,"jetpack_social_options":{"image_generator_settings":{"template":"highway","default_image_id":0,"font":"","enabled":false},"version":2}},"categories":[9],"tags":[5456,2824,23729],"naslovna":[],"class_list":["post-924513","post","type-post","status-publish","format-standard","has-post-thumbnail","hentry","category-drustvo","tag-ministarstvo-prostornog-planiranja","tag-slaven-radunovic","tag-svetlana-jovanovic"],"acf":[],"jetpack_publicize_connections":[],"_links":{"self":[{"href":"https:\/\/gradski.me\/en\/wp-json\/wp\/v2\/posts\/924513","targetHints":{"allow":["GET"]}}],"collection":[{"href":"https:\/\/gradski.me\/en\/wp-json\/wp\/v2\/posts"}],"about":[{"href":"https:\/\/gradski.me\/en\/wp-json\/wp\/v2\/types\/post"}],"author":[{"embeddable":true,"href":"https:\/\/gradski.me\/en\/wp-json\/wp\/v2\/users\/1"}],"replies":[{"embeddable":true,"href":"https:\/\/gradski.me\/en\/wp-json\/wp\/v2\/comments?post=924513"}],"version-history":[{"count":0,"href":"https:\/\/gradski.me\/en\/wp-json\/wp\/v2\/posts\/924513\/revisions"}],"wp:featuredmedia":[{"embeddable":true,"href":"https:\/\/gradski.me\/en\/wp-json\/wp\/v2\/media\/924514"}],"wp:attachment":[{"href":"https:\/\/gradski.me\/en\/wp-json\/wp\/v2\/media?parent=924513"}],"wp:term":[{"taxonomy":"category","embeddable":true,"href":"https:\/\/gradski.me\/en\/wp-json\/wp\/v2\/categories?post=924513"},{"taxonomy":"post_tag","embeddable":true,"href":"https:\/\/gradski.me\/en\/wp-json\/wp\/v2\/tags?post=924513"},{"taxonomy":"naslovna","embeddable":true,"href":"https:\/\/gradski.me\/en\/wp-json\/wp\/v2\/naslovna?post=924513"}],"curies":[{"name":"wp","href":"https:\/\/api.w.org\/{rel}","templated":true}]}}