{"id":924128,"date":"2025-06-11T16:00:00","date_gmt":"2025-06-11T14:00:00","guid":{"rendered":"https:\/\/gradski.me\/uncategorized\/konatar-korak-smo-blize-ispravljanju-nepravde-za-bivse-radnike-tekstilne-i-kozarske-industrije\/"},"modified":"2025-06-11T16:00:00","modified_gmt":"2025-06-11T14:00:00","slug":"konatar-korak-smo-blize-ispravljanju-nepravde-za-bivse-radnike-tekstilne-i-kozarske-industrije","status":"publish","type":"post","link":"https:\/\/gradski.me\/en\/ekonomija\/konatar-korak-smo-blize-ispravljanju-nepravde-za-bivse-radnike-tekstilne-i-kozarske-industrije\/","title":{"rendered":"Konatar: Korak smo bli\u017ee ispravljanju nepravde za biv\u0161e radnike tekstilne i ko\u017earske industrije"},"content":{"rendered":"<p>&#8222;Predlogom je predvi\u0111ena pravi\u010dna naknada za radnike koji su zbog uvo\u0111enja ste\u010daja u nesretnim &#8222;tranzitnim&#8220; vremenima ostali bez posla ili dobili umanjene penzije zbog prijevremenog penzionisanja i koji su ostali bez sredstava po osnovu socijalnih programa&#8220;, kazao je \u0161ef poslani\u010dkog kluba URE Milo\u0161 Konatar.<\/p>\n\n\n\n<p>Konatar je istakao da je Gra\u0111anski pokret URA 2021. godine kao dio vlasti pomogao biv\u0161im radnicima metaloprera\u0111iva\u010dke i rudarske industrije i da je sada red da se pomogne i onima iz drvoprera\u0111iva\u010dke, \u0161umarske, tekstilne i ko\u017earske industrije.<\/p>\n\n\n\n<p>&#8222;Ovo su predlozi za koje o\u010dekujem podr\u0161ku svih poslanika u Skup\u0161tini, bez obzira bili vlast ili opozicija. Sjutra \u0107e na\u0161 predlog biti na Odboru za ekonomiju, finansije i bud\u017eet, a poslije toga i na samoj plenarnoj sjednici Skup\u0161tine. Nadam se lijepim vijestima za obespravljene radnike, sada je sve na poslanicima&#8220;, zaklju\u010dio je potpredsjednik Gra\u0111anskog pokreta URA Milo\u0161 Konatar.<\/p>","protected":false},"excerpt":{"rendered":"<p>Zakonodavni odbor Skup\u0161tine podr\u017eao je amandmane koje su predlo\u017eili poslanici Gra\u0111anskog pokreta URA Filip Ad\u017ei\u0107 i Milo\u0161 Konatar, a kojima se ispravlja nepravda prema biv\u0161im radnicima tekstilne i ko\u017earske industrije u Crnoj Gori, saop\u0161teno je iz tog pokreta.<\/p>","protected":false},"author":18,"featured_media":924129,"comment_status":"open","ping_status":"open","sticky":false,"template":"","format":"standard","meta":{"_acf_changed":false,"footnotes":"","jetpack_publicize_message":"","jetpack_publicize_feature_enabled":true,"jetpack_social_post_already_shared":false,"jetpack_social_options":{"image_generator_settings":{"template":"highway","default_image_id":0,"font":"","enabled":false},"version":2}},"categories":[8],"tags":[1020,3423],"naslovna":[],"class_list":["post-924128","post","type-post","status-publish","format-standard","has-post-thumbnail","hentry","category-ekonomija","tag-milos-konatar","tag-radnici"],"acf":[],"jetpack_publicize_connections":[],"_links":{"self":[{"href":"https:\/\/gradski.me\/en\/wp-json\/wp\/v2\/posts\/924128","targetHints":{"allow":["GET"]}}],"collection":[{"href":"https:\/\/gradski.me\/en\/wp-json\/wp\/v2\/posts"}],"about":[{"href":"https:\/\/gradski.me\/en\/wp-json\/wp\/v2\/types\/post"}],"author":[{"embeddable":true,"href":"https:\/\/gradski.me\/en\/wp-json\/wp\/v2\/users\/18"}],"replies":[{"embeddable":true,"href":"https:\/\/gradski.me\/en\/wp-json\/wp\/v2\/comments?post=924128"}],"version-history":[{"count":0,"href":"https:\/\/gradski.me\/en\/wp-json\/wp\/v2\/posts\/924128\/revisions"}],"wp:featuredmedia":[{"embeddable":true,"href":"https:\/\/gradski.me\/en\/wp-json\/wp\/v2\/media\/924129"}],"wp:attachment":[{"href":"https:\/\/gradski.me\/en\/wp-json\/wp\/v2\/media?parent=924128"}],"wp:term":[{"taxonomy":"category","embeddable":true,"href":"https:\/\/gradski.me\/en\/wp-json\/wp\/v2\/categories?post=924128"},{"taxonomy":"post_tag","embeddable":true,"href":"https:\/\/gradski.me\/en\/wp-json\/wp\/v2\/tags?post=924128"},{"taxonomy":"naslovna","embeddable":true,"href":"https:\/\/gradski.me\/en\/wp-json\/wp\/v2\/naslovna?post=924128"}],"curies":[{"name":"wp","href":"https:\/\/api.w.org\/{rel}","templated":true}]}}