{"id":923495,"date":"2025-06-08T17:27:00","date_gmt":"2025-06-08T15:27:00","guid":{"rendered":"https:\/\/gradski.me\/uncategorized\/pesic-pojacavamo-nadzore-kako-bismo-pospjesili-sezonu-i-dali-lijep-proizvod-nasim-turistima\/"},"modified":"2025-06-08T17:27:00","modified_gmt":"2025-06-08T15:27:00","slug":"pesic-pojacavamo-nadzore-kako-bismo-pospjesili-sezonu-i-dali-lijep-proizvod-nasim-turistima","status":"publish","type":"post","link":"https:\/\/gradski.me\/en\/ekonomija\/pesic-pojacavamo-nadzore-kako-bismo-pospjesili-sezonu-i-dali-lijep-proizvod-nasim-turistima\/","title":{"rendered":"Pe\u0161i\u0107: Poja\u010davamo nadzore kako bismo pospje\u0161ili sezonu i dali lijep proizvod na\u0161im turistima"},"content":{"rendered":"<p><\/p>\n\n\n\n<p>Nova sezona, a stari problemi. Iako na pragu, ponovo do\u010dekuje goste sa vi\u0161egodi\u0161njim&nbsp; problemom \u2013 manjkom inspektora na terenu. Ministarstvo turizma i ove godine broji 25 turisti\u010dkih inspektora od kojih je na teritoriji Podgorice osam, isti\u010de Pe\u0161i\u0107.<\/p>\n\n\n\n<p>&#8222;Oni \u0107e raditi nadzore u ljetnoj predstoje\u0107oj sezoni kada ce raditi intenzivirano kontole odnosno poja\u010dan broj kontrola, po\u0161to su svakodnevne kontole koje radimo u svojim op\u0161tinama. Kolege iz sjevernog i centralnog podru\u010dja Crne Gore \u0107e biti delegirane u ju\u017ene op\u0161tine kada \u0107e se sa inspektorima raditi i drugi inspekcijski nadzori&#8220;, navodi ona.<\/p>\n\n\n\n<p>Praksa je pokazala da je najvi\u0161e nepravilnosti u ugostiteljstvu.<\/p>\n\n\n\n<p>&#8222;Zbog priliva predsezone novih turista i onih \u0161to se vra\u0107aju i ugostitelji su ti koji se najvi\u0161e ogrije\u0161e o zakon najintenziviranije u ovom periodu, tako da smo zbog toga i poja\u010dali na\u0161e nadzore u budu\u0107em periodu i naravno da ce \u0107e svake godine to biti kako bi pospje\u0161ili sezonu i dali lijep proizvod na\u0161im turistima&#8220;, poja\u0161njava Pe\u0161i\u0107.<\/p>\n\n\n\n<p>Iako je po\u010detak turisti\u010dke sezone, resornom ministarstvu sti\u017eu prijave i brojne nepravilosti.<\/p>\n\n\n\n<p>&#8222;Ovo je jun i ju\u017eni dio je aktuelan \u0161to se ti\u010de prijava gra\u0111ana i drugih organa koji nam proslije\u0111uju dalju nadle\u017enost i inicijative i prijave gra\u0111ana, tako da svaki period ima svoje neke subjekte nadzora koji su kr\u0161ioci zakona tako da mogu da odgovorim kao sto sam kazala ovo je period kada se ju\u017ene opstine negdje sankcioni\u0161u poja\u010dano&#8220;, dodaje.<\/p>\n\n\n\n<p>Zahtjevi terena diktiraju dinamiku turisti\u010dkih inspektora, isti\u010de Pe\u0161i\u0107.<\/p>\n\n\n\n<p>&#8222;Ministarstvo turizma je predvidjelo pravilnikom o unutra\u0161njoj organizaciji i sistematizaciji odre\u0111en broj inspektora koji \u0107e u narednom periodu biti u sastavu ovog ministarstva, tako da se poja\u010danim resursima mo\u017eemo suo\u010diti sa nepravilnostima koje suszbijamo na terenu svakodnevno&#8220;, zaklju\u010duje.<\/p>\n\n\n\n<p>Bez dovoljnog broja inspektora i ove sezone rizikujemo da nelegalan rad i lo\u0161a usluga mogu ostati neprocesuirani. A reputacija jedne od najomiljenije destinacije &#8211; te\u0161ko se gradi, a lako gubi.<\/p>\n\n\n\n<figure class=\"wp-block-embed is-type-video is-provider-youtube wp-block-embed-youtube wp-embed-aspect-16-9 wp-has-aspect-ratio\"><div class=\"wp-block-embed__wrapper\">\n<iframe title=\"Pe\u0161i\u0107: Poja\u010davamo nadzore kako bismo pospje\u0161ili sezonu i dali lijep proizvod na\u0161im turistima\" width=\"800\" height=\"450\" src=\"https:\/\/www.youtube.com\/embed\/LERne_uClts?feature=oembed\" frameborder=\"0\" allow=\"accelerometer; autoplay; clipboard-write; encrypted-media; gyroscope; picture-in-picture; web-share\" referrerpolicy=\"strict-origin-when-cross-origin\" allowfullscreen><\/iframe>\n<\/div><\/figure>","protected":false},"excerpt":{"rendered":"<p>Crna Gora ni ove sezone nema dovoljno turisti\u010dkih inspektora. Ministarstvo turizma broji svega 25 zaposlenih. Sedam inspekcija ima dovoljan broj u odnosu na sistematizaciju, dok \u010detiri inspekcije nemaju inspektora. Turisti\u010dka inspektorka Maja Pe\u0161i\u0107 za Gradsku TV isti\u010de nedostatak kadra, te dodaje dopunu kadrovskih rje\u0161enja do kraja godine.<\/p>","protected":false},"author":16,"featured_media":923496,"comment_status":"open","ping_status":"open","sticky":false,"template":"","format":"standard","meta":{"_acf_changed":false,"footnotes":"","jetpack_publicize_message":"","jetpack_publicize_feature_enabled":true,"jetpack_social_post_already_shared":false,"jetpack_social_options":{"image_generator_settings":{"template":"highway","default_image_id":0,"font":"","enabled":false},"version":2}},"categories":[8],"tags":[3895,23427,478],"naslovna":[],"class_list":["post-923495","post","type-post","status-publish","format-standard","has-post-thumbnail","hentry","category-ekonomija","tag-maja-pesic","tag-turisticka-inspektorka","tag-turizam"],"acf":[],"jetpack_publicize_connections":[],"_links":{"self":[{"href":"https:\/\/gradski.me\/en\/wp-json\/wp\/v2\/posts\/923495","targetHints":{"allow":["GET"]}}],"collection":[{"href":"https:\/\/gradski.me\/en\/wp-json\/wp\/v2\/posts"}],"about":[{"href":"https:\/\/gradski.me\/en\/wp-json\/wp\/v2\/types\/post"}],"author":[{"embeddable":true,"href":"https:\/\/gradski.me\/en\/wp-json\/wp\/v2\/users\/16"}],"replies":[{"embeddable":true,"href":"https:\/\/gradski.me\/en\/wp-json\/wp\/v2\/comments?post=923495"}],"version-history":[{"count":0,"href":"https:\/\/gradski.me\/en\/wp-json\/wp\/v2\/posts\/923495\/revisions"}],"wp:featuredmedia":[{"embeddable":true,"href":"https:\/\/gradski.me\/en\/wp-json\/wp\/v2\/media\/923496"}],"wp:attachment":[{"href":"https:\/\/gradski.me\/en\/wp-json\/wp\/v2\/media?parent=923495"}],"wp:term":[{"taxonomy":"category","embeddable":true,"href":"https:\/\/gradski.me\/en\/wp-json\/wp\/v2\/categories?post=923495"},{"taxonomy":"post_tag","embeddable":true,"href":"https:\/\/gradski.me\/en\/wp-json\/wp\/v2\/tags?post=923495"},{"taxonomy":"naslovna","embeddable":true,"href":"https:\/\/gradski.me\/en\/wp-json\/wp\/v2\/naslovna?post=923495"}],"curies":[{"name":"wp","href":"https:\/\/api.w.org\/{rel}","templated":true}]}}