{"id":923248,"date":"2025-06-07T11:00:00","date_gmt":"2025-06-07T09:00:00","guid":{"rendered":"https:\/\/gradski.me\/uncategorized\/deveta-rockstrikcijaprvi-dan-magicna-noc\/"},"modified":"2025-06-07T11:00:00","modified_gmt":"2025-06-07T09:00:00","slug":"deveta-rockstrikcijaprvi-dan-magicna-noc","status":"publish","type":"post","link":"https:\/\/gradski.me\/en\/kultura\/deveta-rockstrikcijaprvi-dan-magicna-noc\/","title":{"rendered":"Deveta &#8220;Rockstrikcija&#8220;;Prvi dan: Magi\u010dna no\u0107"},"content":{"rendered":"<p><\/p>\n\n\n\n<p>Evo za\u0161to&#8230;.<\/p>\n\n\n\n<p>Prije dvije nedjelje intervjuisao sam Belana uo\u010di najnovije Rockstrikcije, a Belan je za Gradski tada najavio &#8220;No\u0107 za pam\u0107enje&#8220;. I bila je takva.<\/p>\n\n\n\n<p>Jo\u0161 od prvih taktova &#8220;Vino no\u0107i&#8220;, kojom je otvoren koncert Belana i Fiumensa, i vanserijske ritam sekcije koja je &#8220;rokala&#8220; iz svih &#8220;oru\u017eja&#8220; bilo je jasno da \u0107e momci dati sve od sebe. Nije bilo kalkulisanja i no\u0107 je bila magi\u010dna. <\/p>\n\n\n\n<p>Vratih se u djetinjstvo. Re\u0111ale su se hitovi nekada\u0161njih Belanovih \u0110avola: &#8220;Pri\u010daj mi o ljubavi&#8220;, &#8220;Dani ljubavi&#8220;, njihov prvi veliki hit &#8220;\u0110iri, \u0110iri&#8220;. Po\u0161teno, naiskrenije sam se ispjevao a glas mi je &#8220;pukao&#8220; ve\u0107 na &#8220;Dani ljubavi&#8220;. Nije lako pjevati pjesme \u0110avola, uop\u0161te. <\/p>\n\n\n\n<figure class=\"wp-block-image size-large\"><img decoding=\"async\" src=\"https:\/\/rtvpg.me\/wp-content\/uploads\/2025\/06\/a26077f7-1c02-4cc0-ab39-5ad4a0a69539-1024x461.jpg\" alt=\"\" class=\"wp-image-767098\" title=\"\"><figcaption class=\"wp-element-caption\">Photo: <strong>Dragan Lekovi\u0107<\/strong>\/Foto:<strong> Gradski.me<\/strong><\/figcaption><\/figure>\n\n\n\n<p>Naravno, izme\u0111u hitova \u0110avola i\u0161ao je i miks \u0161to Belanovih solo, \u0161to pjesama iz vremena rada sa Fiumensima: &#8220;Dotakni me usnama&#8220;, &#8220;Sun\u010dan dan&#8220;, &#8220;Rijeka snova&#8220; itd., a \u010duli smo i pjesmu koja je bila Belanov hit duet sa Dinom Dvornikom &#8220;Ella E&#8220;.<\/p>\n\n\n\n<p>Pomenuh ranije ritam sekciju, a \u0161to se ti\u010de iste, poseban ritam, &#8220;boju&#8220; sjajnom nastupu Fiumensa dao je saksofonista Marin. Iz njegovog saksa nije izlazila muzika, nego \u010dista emocija, energija. Prototip kakav saksofonista i treba da bude.<\/p>\n\n\n\n<p>Malo je re\u0107i koliko je publika, uklju\u010duju\u0107i naravno i mene, u\u017eivala sino\u0107. Ostalo mi je samo da konstatujem: Neno Belan i Fiumensi, kapa dolje za nastup, moj naklon!<\/p>\n\n\n\n<figure class=\"wp-block-image size-large\"><img decoding=\"async\" src=\"https:\/\/rtvpg.me\/wp-content\/uploads\/2025\/06\/c19af14b-010c-4e93-bbc2-f170c532df66-1024x461.jpg\" alt=\"\" class=\"wp-image-767090\" title=\"\"><figcaption class=\"wp-element-caption\">Photo: <strong>Dragan Lekovi\u0107\/Gradski.me<\/strong><\/figcaption><\/figure>\n\n\n\n<p>Nakon Fiumensa nastupila je podgori\u010dka fank atrakcija &#8220;Rotko Stjuart&#8220;. Za\u0161to ka\u017eem atrakcija? Zato \u0161to je do pojave Rotka fank, ili, ne\u0161to \u0161to makar aludira na isti bila te\u0161ka &#8220;ilegala&#8220; u Podgorici, i prakti\u010dno nepoznato, neinteresantno u \u0161irim krugovima.<\/p>\n\n\n\n<p>Bilo je vidno sino\u0107 kako Rotko ima solidnu fan bazu u publici, skoro konstantna su bila skandiranja &#8220;Rotko, Rotko&#8220;, poruke, bilo je i podignutih transparenata a da ne pominjem povremeno &#8220;horsko&#8220; pjevanje. Atmosfera, ritam i energija povremeno je &#8220;vukla&#8220; na Jamiroquai, \u0161to mi je bilo simpati\u010dno. <\/p>\n\n\n\n<p>Poseban detalj na drugom po redu nastupu Rotka Stjuarta na Rockstrikciji (prvi je bio na \u0161estoj) bilo je prisustvo djece, klinaca koji jedva ako su krenuli u \u0161kolu. Na moje zaprepa\u0161\u0107enje, ti klinci pjevali su djelove Rotkovih pjesama na engleskom &#8211; sinhronizovano, bez gre\u0161ke i pomislih kako neki roditelji, definitivno, rade ne dobar nego odli\u010dan posao.<\/p>\n\n\n\n<p>Na\u017ealost, nakon nastupa Rotka Stjuarta morao sam zbog ranog ustajanja ujutru da odem sa Rockstrikcije  i nijesam ispratio nastupe &#8220;Koikoi&#8220; i Jonathana&#8220;, zbog \u010dega mi je jako \u017eao.<\/p>\n\n\n\n<p>Vidimo se ve\u010deras na drugoj no\u0107i devete Rockstrikcije. Rock On!!!<\/p>\n\n\n\n<p>Pi\u0161e: <strong>Dragan Lekovi\u0107<\/strong><\/p>\n\n\n\n<figure class=\"wp-block-embed is-type-wp-embed is-provider-gradski-portal wp-block-embed-gradski-portal\"><div class=\"wp-block-embed__wrapper\">\n<blockquote class=\"wp-embedded-content\" data-secret=\"x5jvkB82oc\"><a href=\"https:\/\/rtvpg.me\/belan-za-gradski-noc-na-rockstrikciji-bice-za-pamcenje\/\" target=\"_blank\" rel=\"noopener\">Belan za Gradski: No\u0107 na Rockstrikciji bi\u0107e za pam\u0107enje<\/a><\/blockquote><iframe class=\"wp-embedded-content\" sandbox=\"allow-scripts\" security=\"restricted\" style=\"position: absolute; visibility: hidden;\" title=\"&#132;Belan za Gradski: No\u0107 na Rockstrikciji bi\u0107e za pam\u0107enje&#147; &#8212; Gradski portal\" src=\"https:\/\/rtvpg.me\/belan-za-gradski-noc-na-rockstrikciji-bice-za-pamcenje\/embed\/#?secret=6Xx3fJMF2W#?secret=x5jvkB82oc\" data-secret=\"x5jvkB82oc\" width=\"600\" height=\"338\" frameborder=\"0\" marginwidth=\"0\" marginheight=\"0\" scrolling=\"no\"><\/iframe>\n<\/div><\/figure>","protected":false},"excerpt":{"rendered":"<p>Standardna rasprava uo\u010di svake &#8220;Rockstrikcije&#8220; izgleda ovako: Nije trebalo zvati toga i toga, onoga i onoga, ba\u0161, ba\u0161 onoga nije trebalo zvati, \u0161to \u0107e uop\u0161te taj i taj &#8220;Rockstrikciji&#8217;? Izme\u0111u ostalih, posebno je uo\u010di ove &#8220;Rockstrikcije&#8220; pominjan i Neno Belan. Dakle, \u0161ta \u0107e neko na rock festivalu a ko ni u jednom kontekstu ne pripada rock muzici, osim, mo\u017eda, donekle kroz rokabili fazu?<\/p>","protected":false},"author":1,"featured_media":923249,"comment_status":"open","ping_status":"open","sticky":false,"template":"","format":"standard","meta":{"_acf_changed":false,"footnotes":"","jetpack_publicize_message":"","jetpack_publicize_feature_enabled":true,"jetpack_social_post_already_shared":false,"jetpack_social_options":{"image_generator_settings":{"template":"highway","default_image_id":0,"font":"","enabled":false},"version":2}},"categories":[11],"tags":[23274],"naslovna":[],"class_list":["post-923248","post","type-post","status-publish","format-standard","has-post-thumbnail","hentry","category-kultura","tag-rockstrikcija"],"acf":[],"jetpack_publicize_connections":[],"_links":{"self":[{"href":"https:\/\/gradski.me\/en\/wp-json\/wp\/v2\/posts\/923248","targetHints":{"allow":["GET"]}}],"collection":[{"href":"https:\/\/gradski.me\/en\/wp-json\/wp\/v2\/posts"}],"about":[{"href":"https:\/\/gradski.me\/en\/wp-json\/wp\/v2\/types\/post"}],"author":[{"embeddable":true,"href":"https:\/\/gradski.me\/en\/wp-json\/wp\/v2\/users\/1"}],"replies":[{"embeddable":true,"href":"https:\/\/gradski.me\/en\/wp-json\/wp\/v2\/comments?post=923248"}],"version-history":[{"count":0,"href":"https:\/\/gradski.me\/en\/wp-json\/wp\/v2\/posts\/923248\/revisions"}],"wp:featuredmedia":[{"embeddable":true,"href":"https:\/\/gradski.me\/en\/wp-json\/wp\/v2\/media\/923249"}],"wp:attachment":[{"href":"https:\/\/gradski.me\/en\/wp-json\/wp\/v2\/media?parent=923248"}],"wp:term":[{"taxonomy":"category","embeddable":true,"href":"https:\/\/gradski.me\/en\/wp-json\/wp\/v2\/categories?post=923248"},{"taxonomy":"post_tag","embeddable":true,"href":"https:\/\/gradski.me\/en\/wp-json\/wp\/v2\/tags?post=923248"},{"taxonomy":"naslovna","embeddable":true,"href":"https:\/\/gradski.me\/en\/wp-json\/wp\/v2\/naslovna?post=923248"}],"curies":[{"name":"wp","href":"https:\/\/api.w.org\/{rel}","templated":true}]}}