{"id":923117,"date":"2025-06-06T11:57:04","date_gmt":"2025-06-06T09:57:04","guid":{"rendered":"https:\/\/gradski.me\/uncategorized\/u-bijelom-polju-procesuirano-lice-zbog-sumske-kradje\/"},"modified":"2025-06-06T11:57:04","modified_gmt":"2025-06-06T09:57:04","slug":"u-bijelom-polju-procesuirano-lice-zbog-sumske-kradje","status":"publish","type":"post","link":"https:\/\/gradski.me\/en\/hronika\/u-bijelom-polju-procesuirano-lice-zbog-sumske-kradje\/","title":{"rendered":"U Bijelom Polju procesuirano lice zbog \u0161umske kra\u0111e"},"content":{"rendered":"<p><\/p>\n\n\n\n<p><\/p>\n\n\n\n<p>&#8222;Naime, policijski slu\u017ebenici Odjeljenja bezbjednosti Bijelo Polje podnijeli su nadle\u017enom tu\u017eila\u0161tvu krivi\u010dnu prijavu protiv I.T. iz Bijelog Polja, zbog sumnje da je po\u010dinio krivi\u010dno djelo \u0161umska kra\u0111a na \u0161tetu Uprave za gazdovanje \u0161umama i lovi\u0161tima, na na\u010din \u0161to je u dr\u017eavnoj \u0161umi u GJ Lozna u op\u0161tini Bijelo Polje, bez potrebne dokumentacije, izvr\u0161io sje\u010du stabala klena i graba&#8220;, navodi se u saop\u0161tenju.<\/p>\n\n\n\n<p>Uprava policije nastavlja sa intenzivnim aktivnostima u borbi protiv ekolo\u0161kog kriminala kao jednog od nacionalnih prioriteta, kao i na spre\u010davanju bespravne sje\u010de \u0161uma i pronalasku i procesuiranju izvr\u0161ilaca ovih krivi\u010dnih djela, a u cilju o\u010duvanja prirodnih resursa Crne Gore.<\/p>","protected":false},"excerpt":{"rendered":"<p>Slu\u017ebenici Regionalnog centra bezbjednosti \u201eSjever\u201c \u2013 Odjeljenja bezbjednosti Bijelo Polje su sprovo\u0111enjem poja\u010danih aktivnosti na suzbijanju krivi\u010dnih djela protiv \u017eivotne sredine, rasvijetlili krivi\u010dno djelo \u0161umska kra\u0111a i procesuirali jedno lice, saop\u0161teno je iz policije.<\/p>","protected":false},"author":8,"featured_media":923118,"comment_status":"open","ping_status":"open","sticky":false,"template":"","format":"standard","meta":{"_acf_changed":false,"footnotes":"","jetpack_publicize_message":"","jetpack_publicize_feature_enabled":true,"jetpack_social_post_already_shared":false,"jetpack_social_options":{"image_generator_settings":{"template":"highway","default_image_id":0,"font":"","enabled":false},"version":2}},"categories":[10],"tags":[174,2953],"naslovna":[],"class_list":["post-923117","post","type-post","status-publish","format-standard","has-post-thumbnail","hentry","category-hronika","tag-policija","tag-suma"],"acf":[],"jetpack_publicize_connections":[],"_links":{"self":[{"href":"https:\/\/gradski.me\/en\/wp-json\/wp\/v2\/posts\/923117","targetHints":{"allow":["GET"]}}],"collection":[{"href":"https:\/\/gradski.me\/en\/wp-json\/wp\/v2\/posts"}],"about":[{"href":"https:\/\/gradski.me\/en\/wp-json\/wp\/v2\/types\/post"}],"author":[{"embeddable":true,"href":"https:\/\/gradski.me\/en\/wp-json\/wp\/v2\/users\/8"}],"replies":[{"embeddable":true,"href":"https:\/\/gradski.me\/en\/wp-json\/wp\/v2\/comments?post=923117"}],"version-history":[{"count":0,"href":"https:\/\/gradski.me\/en\/wp-json\/wp\/v2\/posts\/923117\/revisions"}],"wp:featuredmedia":[{"embeddable":true,"href":"https:\/\/gradski.me\/en\/wp-json\/wp\/v2\/media\/923118"}],"wp:attachment":[{"href":"https:\/\/gradski.me\/en\/wp-json\/wp\/v2\/media?parent=923117"}],"wp:term":[{"taxonomy":"category","embeddable":true,"href":"https:\/\/gradski.me\/en\/wp-json\/wp\/v2\/categories?post=923117"},{"taxonomy":"post_tag","embeddable":true,"href":"https:\/\/gradski.me\/en\/wp-json\/wp\/v2\/tags?post=923117"},{"taxonomy":"naslovna","embeddable":true,"href":"https:\/\/gradski.me\/en\/wp-json\/wp\/v2\/naslovna?post=923117"}],"curies":[{"name":"wp","href":"https:\/\/api.w.org\/{rel}","templated":true}]}}