{"id":922911,"date":"2025-06-05T13:16:00","date_gmt":"2025-06-05T11:16:00","guid":{"rendered":"https:\/\/gradski.me\/uncategorized\/andjusic-pozivamo-tuzilastvo-da-saslusa-paunovica-insistiracemo-na-pravosudnom-epilogu-svega-sto-se-culo-na-anketnom-odboru\/"},"modified":"2025-06-05T13:16:00","modified_gmt":"2025-06-05T11:16:00","slug":"andjusic-pozivamo-tuzilastvo-da-saslusa-paunovica-insistiracemo-na-pravosudnom-epilogu-svega-sto-se-culo-na-anketnom-odboru","status":"publish","type":"post","link":"https:\/\/gradski.me\/en\/politika\/andjusic-pozivamo-tuzilastvo-da-saslusa-paunovica-insistiracemo-na-pravosudnom-epilogu-svega-sto-se-culo-na-anketnom-odboru\/","title":{"rendered":"An\u0111u\u0161i\u0107: Pozivamo Tu\u017eila\u0161tvo da saslu\u0161a Paunovi\u0107a, insistira\u0107emo na pravosudnom epilogu svega \u0161to se \u010dulo na Anketnom odboru"},"content":{"rendered":"<p><\/p>\n\n\n\n<p>Bez obzira na okolnost \u0161to je salva neistina koju je Paunovi\u0107 izgovorio u ponedjeljak razbijena u parampar\u010dad demantima onih koji su \u017eivi i porodica preminulih koje je ne\u010dasno targetirao, insistira\u0107emo da sve ono \u0161to se \u010dulo u ponedjeljak dobije pravosudni epilog, kazao je An\u0111u\u0161i\u0107.<\/p>\n\n\n\n<p>&#8220;Jasna nam je namjera da se kroz rad u Anketnom odboru poku\u0161ava konstruisati teza kako je zapravo nezavisna dr\u017eava Crna Gora nastala na kriminalu, ubistvima i \u0161vercu droge te da se onda prirodno u nekom narednom periodu treba preispitati i njen opstanak, ali re\u017eiserima iz BIA kao i spremljenim glumcima sa ve\u0107 napisanim tekstovima imamo da poru\u010dimo samo jedno \u2013 kad spremite materijalne dokaze umjesto recikliranih uradaka bezbjednosnih slu\u017ebi \u010diji ste saradnici, zajedno \u0107emo sa vama po\u0107i u Tu\u017eila\u0161tvo&#8220;, zaklju\u010duje An\u0111u\u0161i\u0107.<\/p>","protected":false},"excerpt":{"rendered":"<p>Demokratska partija socijalista poziva Tu\u017eila\u0161tvo da kona\u010dno po\u010dne da radi svoj posao i saslu\u0161a Milana Paunovi\u0107a, glavnog glumca re\u017eirane predstave BIA kojoj je crnogorska javnost svjedo\u010dila na sjednici Anketnog odbora u ponedjeljak, saop\u0161tio je poslanik DPS-a u Skup\u0161tini Crne Gore Mihailo An\u0111u\u0161i\u0107.<\/p>","protected":false},"author":1,"featured_media":922912,"comment_status":"open","ping_status":"open","sticky":false,"template":"","format":"standard","meta":{"_acf_changed":false,"footnotes":"","jetpack_publicize_message":"","jetpack_publicize_feature_enabled":true,"jetpack_social_post_already_shared":false,"jetpack_social_options":{"image_generator_settings":{"template":"highway","default_image_id":0,"font":"","enabled":false},"version":2}},"categories":[7],"tags":[94,1337,22965,780,380],"naslovna":[],"class_list":["post-922911","post","type-post","status-publish","format-standard","has-post-thumbnail","hentry","category-politika","tag-anketni-odbor","tag-mihailo-andjusic","tag-milan-paunovic","tag-saslusanje","tag-tuzilastvo"],"acf":[],"jetpack_publicize_connections":[],"_links":{"self":[{"href":"https:\/\/gradski.me\/en\/wp-json\/wp\/v2\/posts\/922911","targetHints":{"allow":["GET"]}}],"collection":[{"href":"https:\/\/gradski.me\/en\/wp-json\/wp\/v2\/posts"}],"about":[{"href":"https:\/\/gradski.me\/en\/wp-json\/wp\/v2\/types\/post"}],"author":[{"embeddable":true,"href":"https:\/\/gradski.me\/en\/wp-json\/wp\/v2\/users\/1"}],"replies":[{"embeddable":true,"href":"https:\/\/gradski.me\/en\/wp-json\/wp\/v2\/comments?post=922911"}],"version-history":[{"count":0,"href":"https:\/\/gradski.me\/en\/wp-json\/wp\/v2\/posts\/922911\/revisions"}],"wp:featuredmedia":[{"embeddable":true,"href":"https:\/\/gradski.me\/en\/wp-json\/wp\/v2\/media\/922912"}],"wp:attachment":[{"href":"https:\/\/gradski.me\/en\/wp-json\/wp\/v2\/media?parent=922911"}],"wp:term":[{"taxonomy":"category","embeddable":true,"href":"https:\/\/gradski.me\/en\/wp-json\/wp\/v2\/categories?post=922911"},{"taxonomy":"post_tag","embeddable":true,"href":"https:\/\/gradski.me\/en\/wp-json\/wp\/v2\/tags?post=922911"},{"taxonomy":"naslovna","embeddable":true,"href":"https:\/\/gradski.me\/en\/wp-json\/wp\/v2\/naslovna?post=922911"}],"curies":[{"name":"wp","href":"https:\/\/api.w.org\/{rel}","templated":true}]}}