{"id":922831,"date":"2025-06-05T09:10:00","date_gmt":"2025-06-05T07:10:00","guid":{"rendered":"https:\/\/gradski.me\/uncategorized\/misija-oebs-a-u-crnoj-gori-otvorila-diskusiju-o-uspostavljanju-nacionalnog-mehanizma-za-bezbjednost-medijskih-radnika\/"},"modified":"2025-06-05T09:10:00","modified_gmt":"2025-06-05T07:10:00","slug":"misija-oebs-a-u-crnoj-gori-otvorila-diskusiju-o-uspostavljanju-nacionalnog-mehanizma-za-bezbjednost-medijskih-radnika","status":"publish","type":"post","link":"https:\/\/gradski.me\/en\/drustvo\/misija-oebs-a-u-crnoj-gori-otvorila-diskusiju-o-uspostavljanju-nacionalnog-mehanizma-za-bezbjednost-medijskih-radnika\/","title":{"rendered":"Misija OEBS-a u Crnoj Gori otvorila diskusiju o uspostavljanju nacionalnog mehanizma za bezbjednost medijskih radnika"},"content":{"rendered":"<p><\/p>\n\n\n\n<p>Kao dio kontinuirane podr\u0161ke, Misija je u saradnji sa Sindikatom medija Crne Gore (SMCG) organizovala radionicu pod nazivom \u201eUspostavljanje nacionalnog mehanizma za za\u0161titu novinara u Crnoj Gori\u201c, 3. i 4. juna. Doga\u0111aj je okupio predstavnike i predstavnice tu\u017eila\u0161tva, policije, medija, civilnog dru\u0161tva, ministarstava i me\u0111unarodne partnere. Tokom dva dana, u\u010desnici su imali priliku da se upoznaju sa holandskim modelom i razgovaraju o tome kako bi se on mogao prilagoditi crnogorskim prilikama kako bi rije\u0161io specifi\u010dne izazovi sa kojima se zemlja suo\u010dava kada su pitanju prijetnje novinarima.<\/p>\n\n\n\n<p>Otvaraju\u0107i radionicu, \u0161ef Misije Jan Haukas naglasio je da stvaranje mehanizma za bezbjednost medijskih radnika zahtijeva blisku koordinaciju i saradnju izme\u0111u medijskih ku\u0107a, vlasnika, novinara, urednika, policije i tu\u017eila\u0161tva. \u201ePrepoznaju\u0107i su\u0161tinsku ulogu slobode medija, pluralizma i raznolikosti glasova u odr\u017eavanju demokratije i sveobuhvatne bezbjednosti, dr\u017eave u\u010desnice OEBS-a moraju intenzivirati napore da za\u0161tite prava i bezbjednost novinara\u201c, rekao je ambasador Haukas. \u201ePosebno je zabrinjavaju\u0107i porast onlajn nasilja i informacionih poreme\u0107aja, koji nesrazmerno ciljaju novinarke, kao i razli\u010diti oblici nasilja zasnovanog na polu\u201c, dodao je ambasador Haukas.<\/p>\n\n\n\n<p>Pravni savjetnik Sindikata medija Mirko Bo\u0161kovi\u0107 kazao je da je u posljednjih par godina postignuto zna\u010dajno unapre\u0111enje normativnog okvira za\u0161tite bezbjednosti novinara, prije svega kroz izmjene i dopune krivi\u010dnog zakonodavstva. \u201eTako\u0111e, unaprije\u0111en je i sistem institucionalne reakcije na slu\u010dajeve napada, pravosudni organi reaguju br\u017ee, kaznena politika je poo\u0161trena\u201c, rekao je Bo\u0161kovi\u0107. Ipak, on je tako\u0111e istakao da je \u201eostaje prostor za dalji napredak, posebno u dijelu vankrivi\u010dne regulative i uspostavljanja efikasnijih mehanizama, kao \u0161to su SOS telefoni i posebna specijalizacija za postupanje u ovim slucajevima\u201c.<\/p>\n\n\n\n<p>Holandski mehanizam za bezbjednost medijskih radnika predvodi Peter ter Velde, holandski novinar i autor, koji je za potrebe radionice anga\u017eovan kao stru\u010dni konsultant.<\/p>\n\n\n\n<p>Misija \u0107e nastaviti da podr\u017eava crnogorske institucije u njihovim naporima da za\u0161tite prava i bezbjednost novinara u skladu sa obavezama zemlje prema OEBS-u.<\/p>","protected":false},"excerpt":{"rendered":"<p>Prepoznaju\u0107i hitnu potrebu za proaktivnom za\u0161titom novinara, crnogorski akteri rade na uspostavljanju nacionalnog mehanizma za bezbjednost medijskih radnika. Daju\u0107i doprinos ovim naporima, Misija OEBS-a u Crnoj Gori podr\u017eava izradu plana za stvaranje takvog mehanizma po uzoru na PersVeilig, holandski mehanizam za bezbjednost medijskih radnika pokrenut 2019. godine.<\/p>","protected":false},"author":1,"featured_media":922832,"comment_status":"open","ping_status":"open","sticky":false,"template":"","format":"standard","meta":{"_acf_changed":false,"footnotes":"","jetpack_publicize_message":"","jetpack_publicize_feature_enabled":true,"jetpack_social_post_already_shared":false,"jetpack_social_options":{"image_generator_settings":{"template":"highway","default_image_id":0,"font":"","enabled":false},"version":2}},"categories":[9],"tags":[188,23208,23209,23210],"naslovna":[],"class_list":["post-922831","post","type-post","status-publish","format-standard","has-post-thumbnail","hentry","category-drustvo","tag-crna-gora","tag-medijski-radnici","tag-misija-oebs","tag-nacionalni-mehanizam"],"acf":[],"jetpack_publicize_connections":[],"_links":{"self":[{"href":"https:\/\/gradski.me\/en\/wp-json\/wp\/v2\/posts\/922831","targetHints":{"allow":["GET"]}}],"collection":[{"href":"https:\/\/gradski.me\/en\/wp-json\/wp\/v2\/posts"}],"about":[{"href":"https:\/\/gradski.me\/en\/wp-json\/wp\/v2\/types\/post"}],"author":[{"embeddable":true,"href":"https:\/\/gradski.me\/en\/wp-json\/wp\/v2\/users\/1"}],"replies":[{"embeddable":true,"href":"https:\/\/gradski.me\/en\/wp-json\/wp\/v2\/comments?post=922831"}],"version-history":[{"count":0,"href":"https:\/\/gradski.me\/en\/wp-json\/wp\/v2\/posts\/922831\/revisions"}],"wp:featuredmedia":[{"embeddable":true,"href":"https:\/\/gradski.me\/en\/wp-json\/wp\/v2\/media\/922832"}],"wp:attachment":[{"href":"https:\/\/gradski.me\/en\/wp-json\/wp\/v2\/media?parent=922831"}],"wp:term":[{"taxonomy":"category","embeddable":true,"href":"https:\/\/gradski.me\/en\/wp-json\/wp\/v2\/categories?post=922831"},{"taxonomy":"post_tag","embeddable":true,"href":"https:\/\/gradski.me\/en\/wp-json\/wp\/v2\/tags?post=922831"},{"taxonomy":"naslovna","embeddable":true,"href":"https:\/\/gradski.me\/en\/wp-json\/wp\/v2\/naslovna?post=922831"}],"curies":[{"name":"wp","href":"https:\/\/api.w.org\/{rel}","templated":true}]}}