{"id":922743,"date":"2025-06-04T17:40:00","date_gmt":"2025-06-04T15:40:00","guid":{"rendered":"https:\/\/gradski.me\/uncategorized\/vuckovic-sportski-objekti-ce-rijesiti-naslijedjene-finansijske-probleme-do-avgusta-naredne-godine\/"},"modified":"2025-06-04T17:40:00","modified_gmt":"2025-06-04T15:40:00","slug":"vuckovic-sportski-objekti-ce-rijesiti-naslijedjene-finansijske-probleme-do-avgusta-naredne-godine","status":"publish","type":"post","link":"https:\/\/gradski.me\/en\/podgorica\/vuckovic-sportski-objekti-ce-rijesiti-naslijedjene-finansijske-probleme-do-avgusta-naredne-godine\/","title":{"rendered":"Vu\u010dkovi\u0107: &#8222;Sportski objekti&#8220; \u0107e rije\u0161iti naslije\u0111ene finansijske probleme do avgusta naredne godine"},"content":{"rendered":"<p>Rekonstrukcija Gradskog stadiona trenutno je u zastoju jer fali adekvatnog pijeska iz Ulcinja, ka\u017ee direktor Sportskih objekata Aleksandar Vu\u010dkovi\u0107 \u2013 dodaje da \u0107e ubrzo biti nastavljena.<\/p>\n\n\n\n<p>&#8222;10.juna po\u010dinje da se taj pjesak stavlja na teren kompletan, a ve\u0107 16.juna se stavlja busen. Otpilike, negdje ra\u010dunamo da za prvo kolo kvalifikacija Budu\u0107nosti, takav je plan bio, za prvo kolo kvalifikacija Budu\u0107nost i za ligu \u0161ampiona teren \u0107e biti spreman. Oni se nadaju da \u0107e biti ipak u gostima , a ne kod ku\u0107e ta prva utakmica. Ali ako bude kod ku\u0107e, ne\u0107e biti nikakvih problema&#8220;, kazao j Vu\u010dkovi\u0107.<\/p>\n\n\n\n<p>Uskoro po\u010dinje sanacija krova SC Mora\u010da. Tender \u0107e, ka\u017ee Vu\u010dkovi\u0107, biti raspisan za nekoliko dana \u2013 traja\u0107e bar mjesec.<\/p>\n\n\n\n<p>&#8222;Mi smo optimisti, gdje \u0107e se javiti samo neke firme, koje su zaista respektabilne,jer \u0107emo napraviti takve uslove tendera. Vjerujemo, ju\u010de je neka cifra bila, neki datum bio po\u010detka radova po\u010detak avgusta. Onda bismo radili kompletan avgust, septembar i mo\u017eda dio oktobra, na ovim unutrra\u0161njim radovima&#8220;, istakao je on.<\/p>\n\n\n\n<p>Revizorske kontrole, dodaje, otkrile su vi\u0161egodi\u0161nje finansijske nepravilnosti. Gubitak koji se mjeri stotinama hiljada eura \u2013 vi\u0161e nije tajna.<\/p>\n\n\n\n<p>&#8222;Nije to slu\u010dajno bilo, 4 negativne revizije u Sportskim objektima, uklju\u010duju\u0107i i negativnu reviziju, do dana kad sam stupio na du\u017enost. Zna\u010di, od tada apsolutno je sve je javno. Mi se nismo libili da istaknemo da je gubtiak Sportskih objekata za 2023 bio 300 hiljada, da je i ove godine neka sli\u010dna cifra. Ali zamislite vi kad milion i 200 hiljada buikvalno koje smo mi dokazali,jednostavno isparilo&#8220;, naglasio je Vuk\u010devi\u0107.<\/p>\n\n\n\n<p>Vu\u010dkovi\u0107 tvrdi da je Sportske objekte nekada\u0161nja uprava dovela na ivicu od ga\u0161enja.<\/p>\n\n\n\n<p>&#8222;Kad sam preuzeo Sportske objekte, toga dana ra\u010dun u preduze\u0107u je bio blokiran, do \u010dinjenice da mi ni jedan dan plata nije kasnila, da vi\u0161e nikad nismo imali da je ra\u010dun blokiran. Mi imamo te\u0161ko\u0107a u naplatama, imamo te\u0161ko\u0107a u poslovanju, samom, ali funkcioni\u0161e onako sve kako treba&#8220;<\/p>\n\n\n\n<p>A uprkos te\u0161ko\u0107ama, svi finansijski problemi bi\u0107e rije\u0161eni do avgusta naredne godine, poru\u010dio je Vu\u010dkovi\u0107.<\/p>\n\n\n\n<figure class=\"wp-block-embed is-type-video is-provider-youtube wp-block-embed-youtube wp-embed-aspect-16-9 wp-has-aspect-ratio\"><div class=\"wp-block-embed__wrapper\">\n<iframe title=\"Vu\u010dkovi\u0107: &quot;Sportski objekti&quot; \u0107e rije\u0161iti naslije\u0111ene finansijske probleme do avgusta naredne godine\" width=\"800\" height=\"450\" src=\"https:\/\/www.youtube.com\/embed\/R0JJcaaSSSE?feature=oembed\" frameborder=\"0\" allow=\"accelerometer; autoplay; clipboard-write; encrypted-media; gyroscope; picture-in-picture; web-share\" referrerpolicy=\"strict-origin-when-cross-origin\" allowfullscreen><\/iframe>\n<\/div><\/figure>","protected":false},"excerpt":{"rendered":"<p>Rekonstrukcija Gradskog stadiona, tender za sanaciju krova SC Mora\u010da, organizacija koncerata, prioritet su preduze\u0107a Sportski objekti, saop\u0161tio je direktor Aleksandar Vu\u010dkovi\u0107 u Jutarnjem programu Gradske. Dodaje kako \u0107e naslije\u0111eni finansijski problemi biti rije\u0161eni do avgusta naredne godine.<\/p>","protected":false},"author":18,"featured_media":922744,"comment_status":"open","ping_status":"open","sticky":false,"template":"","format":"standard","meta":{"_acf_changed":false,"footnotes":"","jetpack_publicize_message":"","jetpack_publicize_feature_enabled":true,"jetpack_social_post_already_shared":false,"jetpack_social_options":{"image_generator_settings":{"template":"highway","default_image_id":0,"font":"","enabled":false},"version":2}},"categories":[6],"tags":[23166,9700],"naslovna":[],"class_list":["post-922743","post","type-post","status-publish","format-standard","has-post-thumbnail","hentry","category-podgorica","tag-aleksandar-vuckovic","tag-sportski-objekti"],"acf":[],"jetpack_publicize_connections":[],"_links":{"self":[{"href":"https:\/\/gradski.me\/en\/wp-json\/wp\/v2\/posts\/922743","targetHints":{"allow":["GET"]}}],"collection":[{"href":"https:\/\/gradski.me\/en\/wp-json\/wp\/v2\/posts"}],"about":[{"href":"https:\/\/gradski.me\/en\/wp-json\/wp\/v2\/types\/post"}],"author":[{"embeddable":true,"href":"https:\/\/gradski.me\/en\/wp-json\/wp\/v2\/users\/18"}],"replies":[{"embeddable":true,"href":"https:\/\/gradski.me\/en\/wp-json\/wp\/v2\/comments?post=922743"}],"version-history":[{"count":0,"href":"https:\/\/gradski.me\/en\/wp-json\/wp\/v2\/posts\/922743\/revisions"}],"wp:featuredmedia":[{"embeddable":true,"href":"https:\/\/gradski.me\/en\/wp-json\/wp\/v2\/media\/922744"}],"wp:attachment":[{"href":"https:\/\/gradski.me\/en\/wp-json\/wp\/v2\/media?parent=922743"}],"wp:term":[{"taxonomy":"category","embeddable":true,"href":"https:\/\/gradski.me\/en\/wp-json\/wp\/v2\/categories?post=922743"},{"taxonomy":"post_tag","embeddable":true,"href":"https:\/\/gradski.me\/en\/wp-json\/wp\/v2\/tags?post=922743"},{"taxonomy":"naslovna","embeddable":true,"href":"https:\/\/gradski.me\/en\/wp-json\/wp\/v2\/naslovna?post=922743"}],"curies":[{"name":"wp","href":"https:\/\/api.w.org\/{rel}","templated":true}]}}