{"id":922588,"date":"2025-06-03T20:15:00","date_gmt":"2025-06-03T18:15:00","guid":{"rendered":"https:\/\/gradski.me\/uncategorized\/dobro-jutro-podgorice-sportski-objekti-u-fokusu-5-juna-izlozba-pogled-i-podgoricki-piknik\/"},"modified":"2025-06-03T20:15:00","modified_gmt":"2025-06-03T18:15:00","slug":"dobro-jutro-podgorice-sportski-objekti-u-fokusu-5-juna-izlozba-pogled-i-podgoricki-piknik","status":"publish","type":"post","link":"https:\/\/gradski.me\/en\/podgorica\/dobro-jutro-podgorice-sportski-objekti-u-fokusu-5-juna-izlozba-pogled-i-podgoricki-piknik\/","title":{"rendered":"Dobro jutro, Podgorice: Sportski objekti u fokusu, 5. juna izlo\u017eba &#8222;Pogled&#8220; i podgori\u010dki piknik\u00a0"},"content":{"rendered":"<p><\/p>\n\n\n\n<p>O stanju i aktivnostima sportskih objekata u Glavnom gradu govori\u0107e nam direktor, Aleksandar Vu\u010dkovi\u0107.<\/p>\n\n\n\n<p>Podgori\u010dki piknik najavi\u0107e na\u0161a go\u0161\u0107a, Sara Dragi\u0107evi\u0107, organizatorka. Rije\u010d je o\u00a0 jedinstvenom doga\u0111aju u prirodi koji okuplja porodice i gra\u0111ane na dan ispunjen zabavom i dru\u017eenjem.<\/p>\n\n\n\n<p>Djetinjstvo bez straha &#8211; za\u0161titimo djecu, na\u0161a je tema jutra. Gosti su Marko Laki\u0107, predsjednik Udru\u017eenja sudskih vje\u0161taka i Bojan Ju\u0161kovi\u0107, edukator za bezbjednost djece.\u00a0<\/p>\n\n\n\n<p>Razgovaramo o va\u017enosti edukacije i prevencije u za\u0161titi djece u savremenom dru\u0161tvu.<\/p>\n\n\n\n<p>Najavljujemo otvaranje izlo\u017ebe &#8222;Pogled&#8220; u galeriji Most 5. juna. Tim povodom ugosti\u0107emo biv\u0161eg ko\u0161arka\u0161a Budu\u0107nosti, poznatog umjetnika, vajara, Slavenka Rako\u010devi\u0107a.&nbsp;<\/p>\n\n\n\n<p>Gordan \u010campar, organizator kaza\u0107e nam o detaljima &#8222;Pogleda&#8220;. Donosimo uvid u najnoviju umjetni\u010dku postavku i razgovaramo o va\u017enosti doga\u0111aja za kulturni \u017eivot glavnog grada.<\/p>\n\n\n\n<p>Ne propustite priliku da dan zapo\u010dnete uz korisne informacije i inspirativne pri\u010de!<\/p>\n\n\n\n<p>Sa nama su uvijek lijepe vijesti i vtijedne nagrade! Gradska tv ujutro poklanja dvije karte za predstoje\u0107u Rockstrikciju!&nbsp;<\/p>\n\n\n\n<p>Emisiju priprema i vodi An\u0111ela Kosti\u0107, a reporterka je Iva Popovi\u0107.&nbsp;<\/p>\n\n\n\n<p>Pratite emisiju &#8222;Dobro jutro, Podgorice&#8220; svakog radnog dana od 7h sati na Gradskoj TV.<\/p>","protected":false},"excerpt":{"rendered":"<p>U novom izdanju emisije &#8222;Dobro jutro, Podgorice&#8220; gledaoci \u0107e imati priliku da \u010duju aktuelne informacije i zanimljive goste iz razli\u010ditih oblasti.<\/p>","protected":false},"author":1,"featured_media":922589,"comment_status":"open","ping_status":"open","sticky":false,"template":"","format":"standard","meta":{"_acf_changed":false,"footnotes":"","jetpack_publicize_message":"","jetpack_publicize_feature_enabled":true,"jetpack_social_post_already_shared":false,"jetpack_social_options":{"image_generator_settings":{"template":"highway","default_image_id":0,"font":"","enabled":false},"version":2}},"categories":[6],"tags":[7883,23092,7036,9700],"naslovna":[],"class_list":["post-922588","post","type-post","status-publish","format-standard","has-post-thumbnail","hentry","category-podgorica","tag-dobro-jutro-podgorice","tag-izlozba-pogled","tag-podgoricki-piknik","tag-sportski-objekti"],"acf":[],"jetpack_publicize_connections":[],"_links":{"self":[{"href":"https:\/\/gradski.me\/en\/wp-json\/wp\/v2\/posts\/922588","targetHints":{"allow":["GET"]}}],"collection":[{"href":"https:\/\/gradski.me\/en\/wp-json\/wp\/v2\/posts"}],"about":[{"href":"https:\/\/gradski.me\/en\/wp-json\/wp\/v2\/types\/post"}],"author":[{"embeddable":true,"href":"https:\/\/gradski.me\/en\/wp-json\/wp\/v2\/users\/1"}],"replies":[{"embeddable":true,"href":"https:\/\/gradski.me\/en\/wp-json\/wp\/v2\/comments?post=922588"}],"version-history":[{"count":0,"href":"https:\/\/gradski.me\/en\/wp-json\/wp\/v2\/posts\/922588\/revisions"}],"wp:featuredmedia":[{"embeddable":true,"href":"https:\/\/gradski.me\/en\/wp-json\/wp\/v2\/media\/922589"}],"wp:attachment":[{"href":"https:\/\/gradski.me\/en\/wp-json\/wp\/v2\/media?parent=922588"}],"wp:term":[{"taxonomy":"category","embeddable":true,"href":"https:\/\/gradski.me\/en\/wp-json\/wp\/v2\/categories?post=922588"},{"taxonomy":"post_tag","embeddable":true,"href":"https:\/\/gradski.me\/en\/wp-json\/wp\/v2\/tags?post=922588"},{"taxonomy":"naslovna","embeddable":true,"href":"https:\/\/gradski.me\/en\/wp-json\/wp\/v2\/naslovna?post=922588"}],"curies":[{"name":"wp","href":"https:\/\/api.w.org\/{rel}","templated":true}]}}