{"id":922455,"date":"2025-06-03T10:46:11","date_gmt":"2025-06-03T08:46:11","guid":{"rendered":"https:\/\/gradski.me\/uncategorized\/dukaj-decentralizacija-u-crnoj-gori-mora-biti-unaprijedjena\/"},"modified":"2025-06-03T10:46:11","modified_gmt":"2025-06-03T08:46:11","slug":"dukaj-decentralizacija-u-crnoj-gori-mora-biti-unaprijedjena","status":"publish","type":"post","link":"https:\/\/gradski.me\/en\/drustvo\/dukaj-decentralizacija-u-crnoj-gori-mora-biti-unaprijedjena\/","title":{"rendered":"Dukaj: Decentralizacija u Crnoj Gori mora biti unaprije\u0111ena"},"content":{"rendered":"<p><\/p>\n\n\n\n<p>On je, na otvaranju konferencije \u201eIzgradnja mostova izme\u0111u lokalnih i centralnih vlasti \u2013 upravljanje na vi\u0161e nivoa na Zapadnom Balkanu\u201d, koju su organizovali SIGMA OECD i NALAS, poru\u010dio da je unapre\u0111enje principa dobre javne uprave na lokalnom nivou jedan od su\u0161tinskih iskoraka ka efikasnijem, transparentnijem i gra\u0111anima bli\u017eem sistemu upravljanja.<\/p>\n\n\n\n<p>\u201cReforma sistema lokalne samouprave nalazi se visoko na agendi Ministarstva javne uprave. Ponosno isti\u010dem da smo taj proces po\u010deli na pravi i temeljan na\u010din. Taj partnerski i sistematski\u00a0 pristup nam omogu\u0107ava da na najbr\u017ei na\u010din posti\u017eemo najbolje rezultate, \u0161to i jeste na\u0161a misija\u201d, kazao je Dukaj.<\/p>\n\n\n\n<p>Kada je rije\u010d o funkcionisanju sistema lokalne samouprave naglasio je da postoji vrlo ograni\u010den stepen decentralizacije, koji onemogu\u0107ava punu funkcionalnost.<\/p>\n\n\n\n<p>\u201cPoruka je jasna- decentralizacija u Crnoj Gori mora biti unaprije\u0111ena. U tom pravcu, pripremljen je novi Zakon o lokalnoj samoupravi, koji predstavlja pa\u017eljivo osmi\u0161ljenu reformu, prilago\u0111enu specifi\u010dnostima Crne Gore. Ovaj zakon ne nudi model decentralizacije koji je univerzalan. On nudi funkcionalni model decentralizacije, koji odgovara realnim potrebama i kapacitetima razli\u010ditih lokalnih zajednica u Crnoj Gori\u201d, objasnio je Dukaj.<\/p>\n\n\n\n<p>Naglasio je da se izradi zakona pristupilo kroz koncept asimetri\u010dne decentralizacije.<\/p>\n\n\n\n<p>\u201cPa\u017eljivo su definisani kriterijumi za dodjelu statusa grada, kao i za decentralizaciju nadle\u017enosti unutar gradova. Na taj na\u010din postavljamo temelje za sistem lokalne samouprave u kome lokalne vlasti imaju kapacitet, ali i odgovornost da kvalitetno odgovore na potrebe svojih gra\u0111ana. Ovo je bio izuzetno inkluzivan i transparentan proces, u kojem su u\u010destvovali predstavnici lokalnih samouprava, nevladinog sektora, dr\u017eavnih organa, organa dr\u017eavne uprave, kao i na\u0161i me\u0111unarodni partneri\u201d, rekao je Dukaj.<\/p>\n\n\n\n<p>Predlo\u017eena reforma lokalne samouprave nai\u0161la je, kako je istakao, na \u0161iroku podr\u0161ku i uvjeren je da \u0107e se uskoro na\u0107i u skup\u0161tinskoj proceduri.<\/p>\n\n\n\n<p>\u201cTime \u0107emo otvoriti novo poglavlje u razvoju lokalne samouprave u Crnoj Gori. Govorimo o reformi javne uprave, koja ne smije biti ni kompromis ni improvizacija ve\u0107 strate\u0161ki iskorak ka modernoj, odgovornoj i gra\u0111anima bli\u017eoj javnoj upravi\u201d, siguran je Dukaj.<\/p>\n\n\n\n<p>Pored ministra Dukaja, na otvaranju su govorili: Predstavnik EU delegacije, Orlando FUSCO, &nbsp;zamjenica \u0161efa SIGMA programa,&nbsp; Bianca Breteche, kao i &nbsp;generalna sekretarka zajednice op\u0161tina Crne Gore, Mi\u0161ela Manojlovi\u0107.<\/p>\n\n\n\n<p>Cilj doga\u0111aja je da podijeli iskustva me\u0111u administracijama Zapadnog Balkana o tome kako pomo\u0107i, koordinirati i sara\u0111ivati sa lokalnim i regionalnim vladama kako bi se unapredilo vi\u0161eslojno upravljanje i razmotrila uloga lokalnih vlasti u procesu integracije u EU. Konferencija tako\u0111e ima za cilj da stvori platformu za centralne i lokalne vladine administracije kako bi dijelile iskustva o me\u0111uvladinoj saradnji i koordinaciji.<\/p>","protected":false},"excerpt":{"rendered":"<p>Decentralizacija u Crnoj Gori mora biti unaprije\u0111ena i u tom pravcu, pripremljen je novi Zakon o lokalnoj samoupravi, koji ima \u0161iroku podr\u0161ku i uskoro \u0107e se na\u0107i u skup\u0161tinskoj proceduri, \u0161to \u0107e otvoriti novo poglavlje u razvoju lokalne samouprave, uvjeren je ministar javne uprave Mara\u0161 Dukaj.\u00a0<\/p>","protected":false},"author":1,"featured_media":922456,"comment_status":"open","ping_status":"open","sticky":false,"template":"","format":"standard","meta":{"_acf_changed":false,"footnotes":"","jetpack_publicize_message":"","jetpack_publicize_feature_enabled":true,"jetpack_social_post_already_shared":false,"jetpack_social_options":{"image_generator_settings":{"template":"highway","default_image_id":0,"font":"","enabled":false},"version":2}},"categories":[9],"tags":[20635,129,5788,23046],"naslovna":[],"class_list":["post-922455","post","type-post","status-publish","format-standard","has-post-thumbnail","hentry","category-drustvo","tag-decentralizacija","tag-maras-dukaj","tag-mju","tag-zakon-o-lokalnoj-samoupravi"],"acf":[],"jetpack_publicize_connections":[],"_links":{"self":[{"href":"https:\/\/gradski.me\/en\/wp-json\/wp\/v2\/posts\/922455","targetHints":{"allow":["GET"]}}],"collection":[{"href":"https:\/\/gradski.me\/en\/wp-json\/wp\/v2\/posts"}],"about":[{"href":"https:\/\/gradski.me\/en\/wp-json\/wp\/v2\/types\/post"}],"author":[{"embeddable":true,"href":"https:\/\/gradski.me\/en\/wp-json\/wp\/v2\/users\/1"}],"replies":[{"embeddable":true,"href":"https:\/\/gradski.me\/en\/wp-json\/wp\/v2\/comments?post=922455"}],"version-history":[{"count":0,"href":"https:\/\/gradski.me\/en\/wp-json\/wp\/v2\/posts\/922455\/revisions"}],"wp:featuredmedia":[{"embeddable":true,"href":"https:\/\/gradski.me\/en\/wp-json\/wp\/v2\/media\/922456"}],"wp:attachment":[{"href":"https:\/\/gradski.me\/en\/wp-json\/wp\/v2\/media?parent=922455"}],"wp:term":[{"taxonomy":"category","embeddable":true,"href":"https:\/\/gradski.me\/en\/wp-json\/wp\/v2\/categories?post=922455"},{"taxonomy":"post_tag","embeddable":true,"href":"https:\/\/gradski.me\/en\/wp-json\/wp\/v2\/tags?post=922455"},{"taxonomy":"naslovna","embeddable":true,"href":"https:\/\/gradski.me\/en\/wp-json\/wp\/v2\/naslovna?post=922455"}],"curies":[{"name":"wp","href":"https:\/\/api.w.org\/{rel}","templated":true}]}}