{"id":922246,"date":"2025-06-02T10:25:00","date_gmt":"2025-06-02T08:25:00","guid":{"rendered":"https:\/\/gradski.me\/uncategorized\/lalatovic-zizic-vrata-so-niksic-ostace-otvorena-za-sve-dobronamjerne-ljude\/"},"modified":"2025-06-02T10:25:00","modified_gmt":"2025-06-02T08:25:00","slug":"lalatovic-zizic-vrata-so-niksic-ostace-otvorena-za-sve-dobronamjerne-ljude","status":"publish","type":"post","link":"https:\/\/gradski.me\/en\/politika\/lalatovic-zizic-vrata-so-niksic-ostace-otvorena-za-sve-dobronamjerne-ljude\/","title":{"rendered":"Lalatovi\u0107 \u017di\u017ei\u0107: Vrata SO Nik\u0161i\u0107 osta\u0107e otvorena za sve dobronamjerne ljude"},"content":{"rendered":"<p><\/p>\n\n\n\n<p><\/p>\n\n\n\n<p><\/p>\n\n\n\n<p><\/p>\n\n\n\n<p><\/p>\n\n\n\n<p>\u201cRadi\u0107u za napredak i za dobro svih gra\u0111ana Nik\u0161i\u0107a. Vrata ovog doma ostaju otvorena za sve dobronamjerne ljude koji \u017eele svojim idejama, konstruktivnim prelozima da daju doprinos da Nik\u0161i\u0107 bude grad u kojem \u0107e ljudi ostajati, naro\u010dito na\u0161a omladina i gdje \u0107e imati \u017eelju da se vrate oni koji su nas na\u017ealost napu\u0161tili. Prema tome tu smo za sve dobre ljude koji \u0107e raditi u skladu sa Ustavom, zakonom na\u0161e dr\u017eave i na\u0161e lokalne zajednice\u201d, poru\u010dila je Lalatovi\u0107 \u017di\u017ei\u0107.<\/p>","protected":false},"excerpt":{"rendered":"<p>Novoizabrana predsjednica Skup\u0161tine op\u0161tine (SO) Nik\u0161i\u0107\u00a0Milica Lalatovi\u0107 \u017di\u017ei\u0107\u00a0nakon dana\u0161nje sjednice kazala je da je privilegovana funkcijom koja joj je povjerena.<\/p>","protected":false},"author":5,"featured_media":919430,"comment_status":"open","ping_status":"open","sticky":false,"template":"","format":"standard","meta":{"_acf_changed":false,"footnotes":"","jetpack_publicize_message":"","jetpack_publicize_feature_enabled":true,"jetpack_social_post_already_shared":false,"jetpack_social_options":{"image_generator_settings":{"template":"highway","default_image_id":0,"font":"","enabled":false},"version":2}},"categories":[7],"tags":[258,22971,5638],"naslovna":[],"class_list":["post-922246","post","type-post","status-publish","format-standard","has-post-thumbnail","hentry","category-politika","tag-niksic","tag-predsjednica","tag-skupstine"],"acf":[],"jetpack_publicize_connections":[],"_links":{"self":[{"href":"https:\/\/gradski.me\/en\/wp-json\/wp\/v2\/posts\/922246","targetHints":{"allow":["GET"]}}],"collection":[{"href":"https:\/\/gradski.me\/en\/wp-json\/wp\/v2\/posts"}],"about":[{"href":"https:\/\/gradski.me\/en\/wp-json\/wp\/v2\/types\/post"}],"author":[{"embeddable":true,"href":"https:\/\/gradski.me\/en\/wp-json\/wp\/v2\/users\/5"}],"replies":[{"embeddable":true,"href":"https:\/\/gradski.me\/en\/wp-json\/wp\/v2\/comments?post=922246"}],"version-history":[{"count":0,"href":"https:\/\/gradski.me\/en\/wp-json\/wp\/v2\/posts\/922246\/revisions"}],"wp:featuredmedia":[{"embeddable":true,"href":"https:\/\/gradski.me\/en\/wp-json\/wp\/v2\/media\/919430"}],"wp:attachment":[{"href":"https:\/\/gradski.me\/en\/wp-json\/wp\/v2\/media?parent=922246"}],"wp:term":[{"taxonomy":"category","embeddable":true,"href":"https:\/\/gradski.me\/en\/wp-json\/wp\/v2\/categories?post=922246"},{"taxonomy":"post_tag","embeddable":true,"href":"https:\/\/gradski.me\/en\/wp-json\/wp\/v2\/tags?post=922246"},{"taxonomy":"naslovna","embeddable":true,"href":"https:\/\/gradski.me\/en\/wp-json\/wp\/v2\/naslovna?post=922246"}],"curies":[{"name":"wp","href":"https:\/\/api.w.org\/{rel}","templated":true}]}}