{"id":922123,"date":"2025-06-01T15:09:00","date_gmt":"2025-06-01T13:09:00","guid":{"rendered":"https:\/\/gradski.me\/uncategorized\/zelenski-potvrdio-ukrajina-sutra-ucestvuje-u-mirovnim-pregovorima\/"},"modified":"2025-06-01T15:09:00","modified_gmt":"2025-06-01T13:09:00","slug":"zelenski-potvrdio-ukrajina-sutra-ucestvuje-u-mirovnim-pregovorima","status":"publish","type":"post","link":"https:\/\/gradski.me\/en\/svijet\/zelenski-potvrdio-ukrajina-sutra-ucestvuje-u-mirovnim-pregovorima\/","title":{"rendered":"Zelenski potvrdio, Ukrajina sutra u\u010destvuje u mirovnim pregovorima"},"content":{"rendered":"<p><\/p>\n\n\n\n<p>To je prvi put da je Ukrajina slu\u017ebeno izjavila da \u0107e u\u010destvovati u pregovorima \u010dije je odr\u017eavanje Rusija predlo\u017eila u Istanbulu, nakon \u0161to je prethodno kritikovala uslove prekida vatre koje je iznijela Moskva.<\/p>\n\n\n\n<figure class=\"wp-block-embed is-type-rich is-provider-twitter wp-block-embed-twitter\"><div class=\"wp-block-embed__wrapper\">\n<blockquote class=\"twitter-tweet\" data-width=\"550\" data-dnt=\"true\"><p lang=\"en\" dir=\"ltr\">I heard reports from the Minister of Defense of Ukraine, the Minister of Foreign Affairs, the General Staff, our intelligence agencies, and the Security Service of Ukraine. Our defense, our active actions, and our diplomacy.<br><br>We are doing everything to protect our independence,\u2026 <a href=\"https:\/\/t.co\/MAz2stbUUR\">pic.twitter.com\/MAz2stbUUR<\/a><\/p>&mdash; Volodymyr Zelenskyy \/ \u0412\u043e\u043b\u043e\u0434\u0438\u043c\u0438\u0440 \u0417\u0435\u043b\u0435\u043d\u0441\u044c\u043a\u0438\u0439 (@ZelenskyyUa) <a href=\"https:\/\/twitter.com\/ZelenskyyUa\/status\/1929145331696239049?ref_src=twsrc%5Etfw\" target=\"_blank\" rel=\"noopener\">June 1, 2025<\/a><\/blockquote><script async src=\"https:\/\/platform.twitter.com\/widgets.js\" charset=\"utf-8\"><\/script>\n<\/div><\/figure>\n\n\n\n<h3 class=\"wp-block-heading\">Rustem Umerov \u0107e predvoditi ukrajinsku delegaciju<\/h3>\n\n\n\n<p>Dvije strane posljednji su se put sastale u Istanbulu sredinom maja, \u0161to je bio njihov prvi otvoreni javni kontakt od 2022. godine. Nakon pregovora uslijedila je ve\u0107a razmjena zarobljenika.<\/p>\n\n\n\n<p>U dana\u0161njoj objavi Zelenski je saop\u0161tio da je uo\u010di sutra\u0161njeg sastanka u Istanbulu svome ministru odbrane i vanjskih poslova, glavnom \u0161tabu, kao i obavje\u0161tajnim i bezbjednosnim slu\u017ebama iznio kratkoro\u010dne zadatke, a definisao je i ukrajinske stavove.<\/p>\n\n\n\n<p>Prioriteti koje je predsjednik naveo uklju\u010duju potpun i bezuslovan prekid vatre, osloba\u0111anje zarobljenika i povratak otete djece. &#8222;Sutra \u0107e na\u0161u delegaciju predvoditi Rustem Umerov&#8220;, dodao je.<\/p>","protected":false},"excerpt":{"rendered":"<p>Ukrajinski predsjednik Volodimir Zelenski rekao je da \u0107e delegacija njegove zemlje u jo\u0161 jednom krugu otvorenih pregovora s Rusijom predvoditi ministar odbrane Rustem Umerov, potvrdiv\u0161i objavom na X-u u\u010destvovanje Ukrajine u pregovorima zakazanim za sutra.<\/p>","protected":false},"author":1,"featured_media":915233,"comment_status":"open","ping_status":"open","sticky":false,"template":"","format":"standard","meta":{"_acf_changed":false,"footnotes":"","jetpack_publicize_message":"","jetpack_publicize_feature_enabled":true,"jetpack_social_post_already_shared":false,"jetpack_social_options":{"image_generator_settings":{"template":"highway","default_image_id":0,"font":"","enabled":false},"version":2}},"categories":[14],"tags":[9981,300,301],"naslovna":[],"class_list":["post-922123","post","type-post","status-publish","format-standard","has-post-thumbnail","hentry","category-svijet","tag-mirovni-pregovori","tag-ukrajina","tag-volodimir-zelenski"],"acf":[],"jetpack_publicize_connections":[],"_links":{"self":[{"href":"https:\/\/gradski.me\/en\/wp-json\/wp\/v2\/posts\/922123","targetHints":{"allow":["GET"]}}],"collection":[{"href":"https:\/\/gradski.me\/en\/wp-json\/wp\/v2\/posts"}],"about":[{"href":"https:\/\/gradski.me\/en\/wp-json\/wp\/v2\/types\/post"}],"author":[{"embeddable":true,"href":"https:\/\/gradski.me\/en\/wp-json\/wp\/v2\/users\/1"}],"replies":[{"embeddable":true,"href":"https:\/\/gradski.me\/en\/wp-json\/wp\/v2\/comments?post=922123"}],"version-history":[{"count":0,"href":"https:\/\/gradski.me\/en\/wp-json\/wp\/v2\/posts\/922123\/revisions"}],"wp:featuredmedia":[{"embeddable":true,"href":"https:\/\/gradski.me\/en\/wp-json\/wp\/v2\/media\/915233"}],"wp:attachment":[{"href":"https:\/\/gradski.me\/en\/wp-json\/wp\/v2\/media?parent=922123"}],"wp:term":[{"taxonomy":"category","embeddable":true,"href":"https:\/\/gradski.me\/en\/wp-json\/wp\/v2\/categories?post=922123"},{"taxonomy":"post_tag","embeddable":true,"href":"https:\/\/gradski.me\/en\/wp-json\/wp\/v2\/tags?post=922123"},{"taxonomy":"naslovna","embeddable":true,"href":"https:\/\/gradski.me\/en\/wp-json\/wp\/v2\/naslovna?post=922123"}],"curies":[{"name":"wp","href":"https:\/\/api.w.org\/{rel}","templated":true}]}}