{"id":921906,"date":"2026-03-06T20:39:00","date_gmt":"2026-03-06T19:39:00","guid":{"rendered":"https:\/\/gradski.me\/?p=921906"},"modified":"2026-03-06T19:43:28","modified_gmt":"2026-03-06T18:43:28","slug":"irgc-napad-na-skolu-u-iranu-izveden-sa-americke-vazdusne-baze-al-dhafra-air-base-u-uar","status":"publish","type":"post","link":"https:\/\/gradski.me\/en\/svijet\/irgc-napad-na-skolu-u-iranu-izveden-sa-americke-vazdusne-baze-al-dhafra-air-base-u-uar\/","title":{"rendered":"IRGC: Attack on school in Iran carried out from US Al Dhafra Air Base in UAR"},"content":{"rendered":"<p><\/p>\n\n\n\n<p>The IRGC announced that it had carried out a retaliatory strike on a US base from which, it claims, a school in the south of the country was attacked, Fars News Agency reported.<\/p>\n\n\n\n<p>&#8222;Meta je bila vazdu\u0161na baza ameri\u010dkih terorista Al-Dafra u UAE. Zlo\u010dina\u010dki napad na \u0161kolu &#8216;\u0160ad\u017eare Tajebe&#8217;, u kojem je poginulo 165 u\u010denica, izveden je sa te baze&#8220;, navodi se u objavljenom saop\u0161tenju vojnog krila.<\/p>\n\n\n\n<p>Earlier on Friday, NBC television reported that the White House had admitted to Congress behind closed doors that the strikes in the school area were carried out by American soldiers.<\/p>\n\n\n\n<p>Previously, The New York Times conducted its own analysis of satellite imagery, which suggested that the United States may have targeted an IRGC naval base nearby.<\/p>\n\n\n\n<p>The girls' educational institution was hit on February 28th \u2013 the day the US and Israel launched a major military campaign against Iran. According to the latest figures, 171 people were killed, most of them children.<\/p>\n\n\n\n<p>Russian Foreign Ministry spokeswoman Maria Zakharova said that Western media had largely ignored information about the mass killing of children and called the lack of reaction to this incident \"monstrous.\"<\/p>","protected":false},"excerpt":{"rendered":"<p>The Islamic Revolutionary Guard Corps (IRGC) said the attack on a school in Iran was carried out from the US Al Dhafra Air Base in the United Arab Emirates.<\/p>","protected":false},"author":14,"featured_media":921909,"comment_status":"open","ping_status":"open","sticky":false,"template":"","format":"standard","meta":{"_acf_changed":false,"footnotes":"","jetpack_publicize_message":"","jetpack_publicize_feature_enabled":true,"jetpack_social_post_already_shared":true,"jetpack_social_options":{"image_generator_settings":{"template":"highway","default_image_id":0,"font":"","enabled":false},"version":2}},"categories":[14],"tags":[22869,22868,1524,22867,13132,22870],"naslovna":[],"class_list":["post-921906","post","type-post","status-publish","format-standard","has-post-thumbnail","hentry","category-svijet","tag-al-dhafra-air-base","tag-amricka-vazdusna-baza","tag-iran","tag-irgc","tag-napad-na-skolu","tag-uar"],"acf":[],"jetpack_publicize_connections":[],"_links":{"self":[{"href":"https:\/\/gradski.me\/en\/wp-json\/wp\/v2\/posts\/921906","targetHints":{"allow":["GET"]}}],"collection":[{"href":"https:\/\/gradski.me\/en\/wp-json\/wp\/v2\/posts"}],"about":[{"href":"https:\/\/gradski.me\/en\/wp-json\/wp\/v2\/types\/post"}],"author":[{"embeddable":true,"href":"https:\/\/gradski.me\/en\/wp-json\/wp\/v2\/users\/14"}],"replies":[{"embeddable":true,"href":"https:\/\/gradski.me\/en\/wp-json\/wp\/v2\/comments?post=921906"}],"version-history":[{"count":1,"href":"https:\/\/gradski.me\/en\/wp-json\/wp\/v2\/posts\/921906\/revisions"}],"predecessor-version":[{"id":921910,"href":"https:\/\/gradski.me\/en\/wp-json\/wp\/v2\/posts\/921906\/revisions\/921910"}],"wp:featuredmedia":[{"embeddable":true,"href":"https:\/\/gradski.me\/en\/wp-json\/wp\/v2\/media\/921909"}],"wp:attachment":[{"href":"https:\/\/gradski.me\/en\/wp-json\/wp\/v2\/media?parent=921906"}],"wp:term":[{"taxonomy":"category","embeddable":true,"href":"https:\/\/gradski.me\/en\/wp-json\/wp\/v2\/categories?post=921906"},{"taxonomy":"post_tag","embeddable":true,"href":"https:\/\/gradski.me\/en\/wp-json\/wp\/v2\/tags?post=921906"},{"taxonomy":"naslovna","embeddable":true,"href":"https:\/\/gradski.me\/en\/wp-json\/wp\/v2\/naslovna?post=921906"}],"curies":[{"name":"wp","href":"https:\/\/api.w.org\/{rel}","templated":true}]}}