{"id":921677,"date":"2025-07-31T15:55:03","date_gmt":"2025-07-31T13:55:03","guid":{"rendered":"https:\/\/gradski.me\/uncategorized\/usvojeni-zakon-o-legalizaciji-bespravnih-objekata-na-sveobuhvatan-i-odrziv-nacin-odgovara-na-visedecenijski-izazov-nelegalne-gradnje\/"},"modified":"2025-07-31T15:55:03","modified_gmt":"2025-07-31T13:55:03","slug":"usvojeni-zakon-o-legalizaciji-bespravnih-objekata-na-sveobuhvatan-i-odrziv-nacin-odgovara-na-visedecenijski-izazov-nelegalne-gradnje","status":"publish","type":"post","link":"https:\/\/gradski.me\/en\/ekonomija\/usvojeni-zakon-o-legalizaciji-bespravnih-objekata-na-sveobuhvatan-i-odrziv-nacin-odgovara-na-visedecenijski-izazov-nelegalne-gradnje\/","title":{"rendered":"Usvojeni Zakon o legalizaciji bespravnih objekata na sveobuhvatan i odr\u017eiv na\u010din odgovara na vi\u0161edecenijski izazov nelegalne gradnje"},"content":{"rendered":"<p>Kako isti\u010du zakon obuhvata klju\u010dne dimenzije.<\/p>\n\n\n\n<p>\u201cEkonomski aspekt, koji omogu\u0107ava pokretanje investicionih aktivnosti kroz legalizaciju imovine, pove\u0107anje prihoda lokalnih samouprava i aktivaciju tr\u017ei\u0161ta nepokretnosti.&nbsp;Socijalni aspekt \u2013 \u0161titi prava gra\u0111ana koji \u017eive u bespravno izgra\u0111enim objektima i pru\u017ea mogu\u0107nost za rje\u0161avanje dugogodi\u0161nje imovinsko-pravne nesigurnosti.&nbsp;Pravni aspekt \u2013uspostavlja jasan, transparentan i pravedan postupak legalizacije, uz precizne nadle\u017enosti, rokove i mehanizme kontrole, kao i prostorno-razvojni aspekt \u2013 podr\u017eava planski razvoj naselja, \u0161titi prostor i \u017eivotnu sredinu, uspostavljaju\u0107i balans izme\u0111u javnog i privatnog interesa\u201d, navode iz MDUP.<\/p>","protected":false},"excerpt":{"rendered":"<p>Iz Ministarstva prostornog planiranja, urbanizma i dr\u017eavne imovine saop\u0161tili su da je danas usvojen Zakon o legalizaciji bespravnih objekata, koji na sveobuhvatan i odr\u017eiv na\u010din odgovara na vi\u0161edecenijski izazov nelegalne gradnje, kombinuju\u0107i ekonomske, socijalne, pravne i prostorne aspekte u jedinstven normativni okvir.<\/p>","protected":false},"author":16,"featured_media":921678,"comment_status":"open","ping_status":"open","sticky":false,"template":"","format":"standard","meta":{"_acf_changed":false,"footnotes":"","jetpack_publicize_message":"","jetpack_publicize_feature_enabled":true,"jetpack_social_post_already_shared":false,"jetpack_social_options":{"image_generator_settings":{"template":"highway","default_image_id":0,"font":"","enabled":false},"version":2}},"categories":[8],"tags":[6144,3333],"naslovna":[],"class_list":["post-921677","post","type-post","status-publish","format-standard","has-post-thumbnail","hentry","category-ekonomija","tag-legalizacija","tag-mdup"],"acf":[],"jetpack_publicize_connections":[],"_links":{"self":[{"href":"https:\/\/gradski.me\/en\/wp-json\/wp\/v2\/posts\/921677","targetHints":{"allow":["GET"]}}],"collection":[{"href":"https:\/\/gradski.me\/en\/wp-json\/wp\/v2\/posts"}],"about":[{"href":"https:\/\/gradski.me\/en\/wp-json\/wp\/v2\/types\/post"}],"author":[{"embeddable":true,"href":"https:\/\/gradski.me\/en\/wp-json\/wp\/v2\/users\/16"}],"replies":[{"embeddable":true,"href":"https:\/\/gradski.me\/en\/wp-json\/wp\/v2\/comments?post=921677"}],"version-history":[{"count":0,"href":"https:\/\/gradski.me\/en\/wp-json\/wp\/v2\/posts\/921677\/revisions"}],"wp:featuredmedia":[{"embeddable":true,"href":"https:\/\/gradski.me\/en\/wp-json\/wp\/v2\/media\/921678"}],"wp:attachment":[{"href":"https:\/\/gradski.me\/en\/wp-json\/wp\/v2\/media?parent=921677"}],"wp:term":[{"taxonomy":"category","embeddable":true,"href":"https:\/\/gradski.me\/en\/wp-json\/wp\/v2\/categories?post=921677"},{"taxonomy":"post_tag","embeddable":true,"href":"https:\/\/gradski.me\/en\/wp-json\/wp\/v2\/tags?post=921677"},{"taxonomy":"naslovna","embeddable":true,"href":"https:\/\/gradski.me\/en\/wp-json\/wp\/v2\/naslovna?post=921677"}],"curies":[{"name":"wp","href":"https:\/\/api.w.org\/{rel}","templated":true}]}}