{"id":921593,"date":"2025-07-31T12:46:00","date_gmt":"2025-07-31T10:46:00","guid":{"rendered":"https:\/\/gradski.me\/uncategorized\/premijer-litvanije-podnio-ostavku\/"},"modified":"2025-07-31T12:46:00","modified_gmt":"2025-07-31T10:46:00","slug":"premijer-litvanije-podnio-ostavku","status":"publish","type":"post","link":"https:\/\/gradski.me\/en\/svijet\/premijer-litvanije-podnio-ostavku\/","title":{"rendered":"Premijer Litvanije podnio ostavku"},"content":{"rendered":"<p><\/p>\n\n\n\n<p><\/p>\n\n\n\n<p>Litvanski predsjednik Gitanas Nauseda objavio je Paluckasovu ostavku medijima jutros.<\/p>\n\n\n\n<p>Portparol Paluckasa nije odgovorio na zahtjev za komentar.<\/p>\n\n\n\n<p>Paluckas, lider Socijaldemokrata, do\u0161ao je na tu funkciju krajem pro\u0161le godine kada je trostrana\u010dka koalicija formirana nakon parlamentarnih izbora u oktobru, prenosi B92.<\/p>\n\n\n\n<p>O\u010dekuje se da \u0107e i cio njegov kabinet podnijeti ostavku, \u0161to bi moglo ostaviti zemlju bez efikasne vlade nekoliko nedjelja prije nego \u0161to Rusija po\u010dne zajedni\u010dke vojne vje\u017ebe sa Bjelorusijom.<\/p>\n\n\n\n<p>Malo je vjerovatno da \u0107e se litvanska spoljna politika promijeniti usljed reorganizacije vlade.<\/p>\n\n\n\n<p>Mediji su u julu objavili rezultate istrage premijerovih ranijih poslovanja, te navodne zloupotrebe.<\/p>\n\n\n\n<p>Nakon toga istrage su pokrenule i nadle\u017ene dr\u017eavne institucije.<\/p>\n\n\n\n<p>Mediji su tako\u0111e otkrili da Paluckas nikada nije platio ve\u0107i dio kazne od 16.500 eura, a u vezi sa krivi\u010dnim postupkom iz 2012. godine.<\/p>\n\n\n\n<p>Paluckas je osu\u0111en za lo\u0161e vo\u0111enje procesa licitacije za usluge istrebljivanja pacova u Viljnusu dok je bio direktor op\u0161tinske administracije glavnog grada. Sudije najvi\u0161eg suda u zemlji su 2012. godine presudile da je zloupotrebio slu\u017ebeni polo\u017eaj nezakonito daju\u0107i privilegije kompaniji koja je ponudila najvi\u0161u cijenu.<\/p>","protected":false},"excerpt":{"rendered":"<p>Litvanski premijer Gintautas Paluckas podnio je danas ostavku nakon istrage o njegovim ranijim poslovanjima \u0161to je izazvalo proteste gra\u0111ana sa kojih je to zatra\u017eeno.<\/p>","protected":false},"author":5,"featured_media":921594,"comment_status":"open","ping_status":"open","sticky":false,"template":"","format":"standard","meta":{"_acf_changed":false,"footnotes":"","jetpack_publicize_message":"","jetpack_publicize_feature_enabled":true,"jetpack_social_post_already_shared":false,"jetpack_social_options":{"image_generator_settings":{"template":"highway","default_image_id":0,"font":"","enabled":false},"version":2}},"categories":[14],"tags":[950,951,2213],"naslovna":[],"class_list":["post-921593","post","type-post","status-publish","format-standard","has-post-thumbnail","hentry","category-svijet","tag-litvanija","tag-ostavka","tag-premiejr"],"acf":[],"jetpack_publicize_connections":[],"_links":{"self":[{"href":"https:\/\/gradski.me\/en\/wp-json\/wp\/v2\/posts\/921593","targetHints":{"allow":["GET"]}}],"collection":[{"href":"https:\/\/gradski.me\/en\/wp-json\/wp\/v2\/posts"}],"about":[{"href":"https:\/\/gradski.me\/en\/wp-json\/wp\/v2\/types\/post"}],"author":[{"embeddable":true,"href":"https:\/\/gradski.me\/en\/wp-json\/wp\/v2\/users\/5"}],"replies":[{"embeddable":true,"href":"https:\/\/gradski.me\/en\/wp-json\/wp\/v2\/comments?post=921593"}],"version-history":[{"count":0,"href":"https:\/\/gradski.me\/en\/wp-json\/wp\/v2\/posts\/921593\/revisions"}],"wp:featuredmedia":[{"embeddable":true,"href":"https:\/\/gradski.me\/en\/wp-json\/wp\/v2\/media\/921594"}],"wp:attachment":[{"href":"https:\/\/gradski.me\/en\/wp-json\/wp\/v2\/media?parent=921593"}],"wp:term":[{"taxonomy":"category","embeddable":true,"href":"https:\/\/gradski.me\/en\/wp-json\/wp\/v2\/categories?post=921593"},{"taxonomy":"post_tag","embeddable":true,"href":"https:\/\/gradski.me\/en\/wp-json\/wp\/v2\/tags?post=921593"},{"taxonomy":"naslovna","embeddable":true,"href":"https:\/\/gradski.me\/en\/wp-json\/wp\/v2\/naslovna?post=921593"}],"curies":[{"name":"wp","href":"https:\/\/api.w.org\/{rel}","templated":true}]}}