{"id":921535,"date":"2025-07-31T06:21:00","date_gmt":"2025-07-31T04:21:00","guid":{"rendered":"https:\/\/gradski.me\/uncategorized\/procesuirane-dvije-strane-drzavljanke-koristile-djecu-i-unuke-za-prosjacenje-u-baru\/"},"modified":"2025-07-31T06:21:00","modified_gmt":"2025-07-31T04:21:00","slug":"procesuirane-dvije-strane-drzavljanke-koristile-djecu-i-unuke-za-prosjacenje-u-baru","status":"publish","type":"post","link":"https:\/\/gradski.me\/en\/hronika\/procesuirane-dvije-strane-drzavljanke-koristile-djecu-i-unuke-za-prosjacenje-u-baru\/","title":{"rendered":"Procesuirane dvije strane dr\u017eavljanke, koristile djecu i unuke za prosja\u010denje u Baru"},"content":{"rendered":"<p><br>.<\/p>\n\n\n\n<p>\u201cOsumnji\u010dena je, u kontinuitetu, u proteklih par mjeseci, a naro\u010dito tokom trajanja ljetnje turisti\u010dke sezone i do kasno u no\u0107, zloupotrebom povjerenja i odnosa zavisnosti, koristila svoju maloljetnu \u0107erku u cilju prosja\u010denja. Postupaju\u0107i po operativnim saznanjima slu\u017ebenici Odjeljenja bezbjednosti Bar su u blizini jednog ugostiteljskog objekta zatekli u prosja\u010denju maloljetnicu, koja je potom prikupljeni novac predala svojoj majci N.B\u201d, navodi policija.<\/p>\n\n\n\n<p>Tako\u0111e, Vi\u0161em dr\u017eavnom tu\u017eila\u0161tvu u Podgorici je podnijeta krivi\u010dna prijava protiv Z.N.(45) sa Kosova, zbog sumnje da je po\u010dinila krivi\u010dno djelo trgovina ljudima na \u0161tetu svojih troje maloljetnih unuka.<\/p>\n\n\n\n<p>\u201cOna se sumnji\u010di da je u kontinuitetu, u proteklom periodu, a naro\u010dito tokom trajanja ljetnje turisti\u010dke sezone, zloupotrebom povjerenja i odnosa zavisnosti, koristila pomenute maloljetnike u svrhu prosja\u010denja. Policijski slu\u017ebenici su istu zatekli prilikom prikupljanja novca, koji su joj unuci donosili nakon pro\u0161enja\u201d, dodaje se.<\/p>\n\n\n\n<p><\/p>","protected":false},"excerpt":{"rendered":"<p>Policija je saopptila da su podnijeli krivi\u010dnu prijavu protiv N.B.(22) dr\u017eavljanke Srbije, zbog sumnje da je po\u010dinila krivi\u010dno djelo trgovina ljudima na \u0161tetu svog djeteta starog pet godina<\/p>","protected":false},"author":5,"featured_media":921536,"comment_status":"open","ping_status":"open","sticky":false,"template":"","format":"standard","meta":{"_acf_changed":false,"footnotes":"","jetpack_publicize_message":"","jetpack_publicize_feature_enabled":true,"jetpack_social_post_already_shared":false,"jetpack_social_options":{"image_generator_settings":{"template":"highway","default_image_id":0,"font":"","enabled":false},"version":2}},"categories":[10],"tags":[162,174,15300],"naslovna":[],"class_list":["post-921535","post","type-post","status-publish","format-standard","has-post-thumbnail","hentry","category-hronika","tag-bar","tag-policija","tag-prosjacenje"],"acf":[],"jetpack_publicize_connections":[],"_links":{"self":[{"href":"https:\/\/gradski.me\/en\/wp-json\/wp\/v2\/posts\/921535","targetHints":{"allow":["GET"]}}],"collection":[{"href":"https:\/\/gradski.me\/en\/wp-json\/wp\/v2\/posts"}],"about":[{"href":"https:\/\/gradski.me\/en\/wp-json\/wp\/v2\/types\/post"}],"author":[{"embeddable":true,"href":"https:\/\/gradski.me\/en\/wp-json\/wp\/v2\/users\/5"}],"replies":[{"embeddable":true,"href":"https:\/\/gradski.me\/en\/wp-json\/wp\/v2\/comments?post=921535"}],"version-history":[{"count":0,"href":"https:\/\/gradski.me\/en\/wp-json\/wp\/v2\/posts\/921535\/revisions"}],"wp:featuredmedia":[{"embeddable":true,"href":"https:\/\/gradski.me\/en\/wp-json\/wp\/v2\/media\/921536"}],"wp:attachment":[{"href":"https:\/\/gradski.me\/en\/wp-json\/wp\/v2\/media?parent=921535"}],"wp:term":[{"taxonomy":"category","embeddable":true,"href":"https:\/\/gradski.me\/en\/wp-json\/wp\/v2\/categories?post=921535"},{"taxonomy":"post_tag","embeddable":true,"href":"https:\/\/gradski.me\/en\/wp-json\/wp\/v2\/tags?post=921535"},{"taxonomy":"naslovna","embeddable":true,"href":"https:\/\/gradski.me\/en\/wp-json\/wp\/v2\/naslovna?post=921535"}],"curies":[{"name":"wp","href":"https:\/\/api.w.org\/{rel}","templated":true}]}}