{"id":921426,"date":"2025-07-30T13:29:08","date_gmt":"2025-07-30T11:29:08","guid":{"rendered":"https:\/\/gradski.me\/uncategorized\/knezevic-u-svom-elementu-u-parlamentu\/"},"modified":"2025-07-30T13:29:08","modified_gmt":"2025-07-30T11:29:08","slug":"knezevic-u-svom-elementu-u-parlamentu","status":"publish","type":"post","link":"https:\/\/gradski.me\/en\/politika\/knezevic-u-svom-elementu-u-parlamentu\/","title":{"rendered":"Kne\u017eevi\u0107 u svom elementu u parlamentu"},"content":{"rendered":"<p><strong>Pi\u0161e: prof. dr Dragan Koprivica<\/strong><\/p>\n\n\n\n<p>Milan Kne\u017eevi\u0107 ju\u010de \u2013 ponovo u svom elementu u Parlamentu.<\/p>\n\n\n\n<p>Po\u010distio je neke vajne oponente, koji nemado\u0161e valjane kontraargumente.<\/p>\n\n\n\n<p>Tim prije \u0161to umije da govori glasom naroda, \u0161to narod zna da cijeni, i \u0161to su njegovi oponenti, dok je bio proganjan kao dr\u017eavni neprijatelj, godinama po kabinetima \u0107utali i mirno plutali, upravo kad je trebalo kao Milan da budu glasni i jasni.<\/p>\n\n\n\n<p>Kao \u010destit \u010dovjek \u010diste biografije, uz atake politi\u010dke mafije da mu smjeste dr\u017eavne udare, Kne\u017eevi\u0107 je u startu u velikoj prednosti u odnosu na sve one koji su nipoda\u0161tavali ljudske vrijednosti.<\/p>\n\n\n\n<p>A i, kad iza\u0111e\u0161 na crtu jednom profesoru srpskog jezika, i vrsnom piscu i politi\u010daru, onda ve\u0107 u startu gubi\u0161 sa: 3 \u2013 0.<\/p>\n\n\n\n<p>Zato nek se niko od tobo\u017enjih spasilaca Crne Gore u ljetnjem periodu ne zavarava da u polemici s Kne\u017eevi\u0107em ne\u0107e ostati kratkih rukava. A i ljeto je, pa im to lak\u0161e pada.<\/p>\n\n\n\n<p>Pa Demokratska partija specijalista (za mu\u0107ke, prevare, i glumu) ostaje vazda neubjedljivo ista: tobo\u017e se bori \u201eza ono malo pravde\u201c, kao da svi mi nijesmo odavde.<\/p>\n\n\n\n<p>Pa se u Parlamentu redovno pravi farsa kad trodecenijski \u0107utolozi glume za spas pravne dr\u017eave, koju su \u0107utke gazili skoro tri decenije&#8230;<\/p>\n\n\n\n<p>Zato Kne\u017eevi\u0107 perjanicama mafija\u0161ko-koruptivnog re\u017eima, koji slabije \u0161tima, redovno u skup\u0161tinskim klupama iznosi neprijatnu, ali \u010distu istinu, i izvodi stvar na \u010distinu.<\/p>\n\n\n\n<p>I nije nimalo slu\u010dajno, po svim novim anketama, jedan od tri najcjenjenija politi\u010dara u Crnoj Gori. A za to se vrijedi boriti, i istinu zboriti&#8230;<\/p>\n\n\n\n<p>Pa, ko ima petlju od re\u017eimskih poklisara, nek prozbori&#8230;<\/p>\n\n\n\n<p>Ali je unosnije ostati u ravni blefa \u010duvaju\u0107i svog \u0161efa, i ostale po dubini u do ju\u010de dubokoj dr\u017eavi.<\/p>","protected":false},"excerpt":{"rendered":"<p>Kao \u010destit \u010dovjek \u010diste biografije, uz atake politi\u010dke mafije da mu smjeste dr\u017eavne udare, Kne\u017eevi\u0107 je u startu u velikoj prednosti u odnosu na sve one koji su nipoda\u0161tavali ljudske vrijednosti.<\/p>","protected":false},"author":18,"featured_media":921427,"comment_status":"open","ping_status":"open","sticky":false,"template":"","format":"standard","meta":{"_acf_changed":false,"footnotes":"","jetpack_publicize_message":"","jetpack_publicize_feature_enabled":true,"jetpack_social_post_already_shared":false,"jetpack_social_options":{"image_generator_settings":{"template":"highway","default_image_id":0,"font":"","enabled":false},"version":2}},"categories":[7],"tags":[810,11205,98],"naslovna":[],"class_list":["post-921426","post","type-post","status-publish","format-standard","has-post-thumbnail","hentry","category-politika","tag-dragan-koprivica","tag-kolumna","tag-milan-knezevic"],"acf":[],"jetpack_publicize_connections":[],"_links":{"self":[{"href":"https:\/\/gradski.me\/en\/wp-json\/wp\/v2\/posts\/921426","targetHints":{"allow":["GET"]}}],"collection":[{"href":"https:\/\/gradski.me\/en\/wp-json\/wp\/v2\/posts"}],"about":[{"href":"https:\/\/gradski.me\/en\/wp-json\/wp\/v2\/types\/post"}],"author":[{"embeddable":true,"href":"https:\/\/gradski.me\/en\/wp-json\/wp\/v2\/users\/18"}],"replies":[{"embeddable":true,"href":"https:\/\/gradski.me\/en\/wp-json\/wp\/v2\/comments?post=921426"}],"version-history":[{"count":0,"href":"https:\/\/gradski.me\/en\/wp-json\/wp\/v2\/posts\/921426\/revisions"}],"wp:featuredmedia":[{"embeddable":true,"href":"https:\/\/gradski.me\/en\/wp-json\/wp\/v2\/media\/921427"}],"wp:attachment":[{"href":"https:\/\/gradski.me\/en\/wp-json\/wp\/v2\/media?parent=921426"}],"wp:term":[{"taxonomy":"category","embeddable":true,"href":"https:\/\/gradski.me\/en\/wp-json\/wp\/v2\/categories?post=921426"},{"taxonomy":"post_tag","embeddable":true,"href":"https:\/\/gradski.me\/en\/wp-json\/wp\/v2\/tags?post=921426"},{"taxonomy":"naslovna","embeddable":true,"href":"https:\/\/gradski.me\/en\/wp-json\/wp\/v2\/naslovna?post=921426"}],"curies":[{"name":"wp","href":"https:\/\/api.w.org\/{rel}","templated":true}]}}