{"id":921366,"date":"2025-07-30T10:44:39","date_gmt":"2025-07-30T08:44:39","guid":{"rendered":"https:\/\/gradski.me\/uncategorized\/data-saglasnost-da-pavle-bulatovic-dobije-ulicu-u-podgorici-vukovic-narod-zna-ko-je-bio-on\/"},"modified":"2025-07-30T10:44:39","modified_gmt":"2025-07-30T08:44:39","slug":"data-saglasnost-da-pavle-bulatovic-dobije-ulicu-u-podgorici-vukovic-narod-zna-ko-je-bio-on","status":"publish","type":"post","link":"https:\/\/gradski.me\/en\/podgorica\/data-saglasnost-da-pavle-bulatovic-dobije-ulicu-u-podgorici-vukovic-narod-zna-ko-je-bio-on\/","title":{"rendered":"Data saglasnost da Pavle Bulatovi\u0107 dobije ulicu u Podgorici; Vukovi\u0107: Narod zna ko je bio on"},"content":{"rendered":"<p><\/p>\n\n\n\n<p><\/p>\n\n\n\n<p>Predsjednik Savjeta Dragutin Vu\u010dini\u0107 ju\u010de je saop\u0161tio da je ministarstvo odgovorilo da nemaju zakonskog osnova da daju mi\u0161ljenje u ovom slu\u010daju i uputilo Savjet na Skup\u0161tinu Glavnog grada, pi\u0161e Dan.<\/p>\n\n\n\n<p>Jedan od predlaga\u010da Mitar Vukovi\u0107 saop\u0161tio je da narod Crne Gore zna ko je Pavle Bulatovi\u0107.<\/p>\n\n\n\n<p>&#8222;To je primjer moralnosti, \u010destitosti i po\u0161tenja&#8220;, saop\u0161tio je Vukovi\u0107.<\/p>\n\n\n\n<p>Odbornik Ujedinjene Crne Gore Milivoje Brkovi\u0107 poru\u010dio je da bi nazivanje ulice po nekada\u0161njem ministru unutra\u0161njih poslova bio svojevrsni doprinos u borbi protiv kriminala. Odbornik Evropskog saveza Milo\u0161 \u0110uri\u010dkovi\u0107 je rekao da u javnosti postoji podijeljeno mi\u0161ljenje o liku i djelu Pavla Bulatovi\u0107a. On je pitao da li se ulica Bulatovi\u0107u daje na osnovu toga \u0161to je on bio li\u010dnost kao kom\u0161ija ili brat, ili zbog funkcija i pozicija koje je obavljao.<\/p>\n\n\n\n<p>Predsjednik Savjeta Dragutin Vu\u010dini\u0107 saop\u0161tio je da ne mo\u017ee da stoji da postoje podijeljena mi\u0161ljenja o liku o djelu Pavla Bulatovi\u0107a.<\/p>\n\n\n\n<p>&#8222;Ministar unutra\u0161njih poslova je bio narodski \u010dovjek i nijedan Crnogorac ne mo\u017ee potvrditi da je bilo koga politi\u010dki isklju\u010divao u svim poslovima kojima se bavio&#8220;, rekao je Vu\u010dini\u0107.<\/p>\n\n\n\n<p>Nakon ove odluke Savjet treba da dobije predlog koja bi to ulica bila na \u0161ta se opet izja\u0161njavaju.<\/p>\n\n\n\n<p>Savjet je razmatrao 14 novih predloga pristiglih za imenovanje saobra\u0107ajnica. Prihva\u0107eno je da u dalju proceduru ide predlog Radana Nikoli\u0107a, predsjednika NVO Udru\u017eenje boraca ratova od 1990. godine, da ulicu dobije Darko Vlahovi\u0107, mla\u0111i vodnik Jugoslovenske narodne armije i predlog direktora Muzeja i Galerija Dragana Radovi\u0107a da ulicu dobije ikonopisac Vasilije \u0110inovski.<\/p>\n\n\n\n<p>&#8222;Porodica \u0110inovski je ostavila veliki trag. Oslikali su 135 ikonstasa u Crnoj Gori me\u0111u kojima su Crkva Svetog \u0110or\u0111a, \u0106elija Piperska&#8230;&#8220;saop\u0161tio je Vu\u010dini\u0107.<\/p>\n\n\n\n<p>Odbijen je predlog Sne\u017eane Brnovi\u0107, direktorice firme Oblun, koja je predlo\u017eila da ulica u selu Bri\u0111e, u kojoj je eko rezort Oblun, dobije ime ulica odiva. \u010clan Savjeta Sa\u0161a \u0160\u0107eki\u0107 saop\u0161tio je da bi trebalo voditi ra\u010duna o javnom, a ne o privatnom interesu. Ocijenio je da u ovom slu\u010daju preovladava privatni interes. Odbornik DNP-a Ranko Mili\u0107 saop\u0161tio je da zna \u0161ta je odiva i po\u0161tuje ih, ali da mu je nejasan naziv odiva.<\/p>\n\n\n\n<p>U dalju proceduru nije po\u0161ao predlog Dejana Balti\u0107a da saobra\u0107ajnica u nastavku Ulice Vukosava Bo\u017eovi\u0107a na Murtovini dobije naziv. Konstatovano je da je predlo\u017eeno imenovanje privatnog puta za koji su vlasnici dali saglasnost, ali da je neophodno prvo da se on ekspropri\u0161e.<\/p>\n\n\n\n<p>Predsjednica Skup\u0161tine Glavnog grada Jelena Borovini\u0107 Bojovi\u0107 uputila je predlog Savjetu za davanje predloga naziva naselja, ulica i trgova da \u0161etali\u0161te uz Mora\u010du dobije ime po crnogorskom arhitekti Vukoti Tupi Vukoti\u0107u.<\/p>\n\n\n\n<p>&#8222;Uva\u017eavaju\u0107i nemjerljiv doprinos koji je arhitekta i urbanista Vukota Tupa Vukoti\u0107 dao razvoju glavnog grada, uputila sam predlog Savjetu da \u0161etali\u0161te uz Mora\u010du \u2013 na potezu od Sastavaka do mosta Milenijum \u2013 ponese ime ovog izuzetnog stvaraoca&#8220;, saop\u0161tila je Borovini\u0107 Bojovi\u0107.<\/p>\n\n\n\n<p>Poseban razlog da upravo ovo \u0161etali\u0161te nosi ime Vukoti\u0107a, kako je navela, jeste \u010dinjenica da je rijeka Mora\u010da bila njegova vje\u010dita inspiracija. Na njenim obalama nastala je pla\u017ea Labud.<\/p>\n\n\n\n<p>&#8222;Jedan od mnogih planova na kojima je Vukoti\u0107 tako\u0111e ostavio sna\u017ean pe\u010dat jeste Blok pet \u2013 urbanisti\u010dko rje\u0161enje koje je stvorilo prostor za \u017eivot u punom smislu te rije\u010di &#8211; funkcionalan, zelen, prostran i prilago\u0111en \u010dovjeku. Bio je to kvart sa du\u0161om \u2013 a to je i danas, nakon vi\u0161e od \u010detiri decenije. Imenovanjem \u0161etali\u0161ta po Vukoti\u0107u djelimi\u010dno se odu\u017eujemo stvarala\u010dkom duhu koji je oblikovao identitet savremene Podgorice i ostavio za sobom naslje\u0111e od trajnog zna\u010daja&#8220;, zaklju\u010dila je Borovini\u0107 Bojovi\u0107.<\/p>\n\n\n\n<p>Nije pro\u0161ao ni predlog Dragoljuba Petkovi\u0107a da ulicu dobije Jovan Jo\u0161o Vuk\u010devi\u0107, sve\u0161tenik Lje\u0161anskog bataljona u Balkanskom ratu. Milivoje Brkovi\u0107 (UCG) je saop\u0161tio da bi mu ulicu trebalo dati u Lje\u0161anskoj nahiji. Dragutin Vu\u010dini\u0107 smatra da bi trebalo dopuniti biografiju sa podacima da li on ima jo\u0161 neku zaslugu osim \u0161to je bio sve\u0161tenik, jer bi u suprotnom, i Ku\u010di i Piperi imali pravo da predla\u017eu sve\u0161tenike bataljona.<\/p>\n\n\n\n<p>\u010clanovi odbora odlo\u017eili su izja\u0161njenje o predlogu Dragutina Vu\u010dini\u0107a za imenovanje tri saobra\u0107ajnice koje se bo\u010dno odvajaju od Ulice Husinjskih rudara dok Sekretarijat za prostorno planiranje ne dostavi opis saobra\u0107ajnica.<\/p>\n\n\n\n<p>Odbijen je predlog da se Ulica Omera Salagi\u0107a u Doljanima preimenuje u Ulicu Ilije Ku\u010da, ali da se Ankarski bulevar preimenuje u Ljubljansku ulicu.<\/p>","protected":false},"excerpt":{"rendered":"<p>Savjet za davanje predloga naziva naselja, ulica i trgova dao je saglasnost da u dalju proceduru ide predlog da Pavle Bulatovi\u0107, nekada\u0161nji ministar unutra\u0161njih poslova i ministar odbrane Savezne Republike Jugoslavije, dobije spomen-obilje\u017eje u Podgorici davanjem po njemu naziva jednoj ulici. Ovaj predlog 30. oktobra 2023. godine podnijeli su funkcioneri Demokratske Crne Gore Mitar Vukovi\u0107 i Vladimir \u010ca\u0111enovi\u0107, ali je izja\u0161njenje o njemu odlo\u017eeno sve dok se ne dobije mi\u0161ljenje Ministarstva kulture i medija.<\/p>","protected":false},"author":5,"featured_media":918115,"comment_status":"open","ping_status":"open","sticky":false,"template":"","format":"standard","meta":{"_acf_changed":false,"footnotes":"","jetpack_publicize_message":"","jetpack_publicize_feature_enabled":true,"jetpack_social_post_already_shared":false,"jetpack_social_options":{"image_generator_settings":{"template":"highway","default_image_id":0,"font":"","enabled":false},"version":2}},"categories":[6],"tags":[415,28,5234],"naslovna":[],"class_list":["post-921366","post","type-post","status-publish","format-standard","has-post-thumbnail","hentry","category-podgorica","tag-pavle-bulatovic","tag-podgorica","tag-ulica"],"acf":[],"jetpack_publicize_connections":[],"_links":{"self":[{"href":"https:\/\/gradski.me\/en\/wp-json\/wp\/v2\/posts\/921366","targetHints":{"allow":["GET"]}}],"collection":[{"href":"https:\/\/gradski.me\/en\/wp-json\/wp\/v2\/posts"}],"about":[{"href":"https:\/\/gradski.me\/en\/wp-json\/wp\/v2\/types\/post"}],"author":[{"embeddable":true,"href":"https:\/\/gradski.me\/en\/wp-json\/wp\/v2\/users\/5"}],"replies":[{"embeddable":true,"href":"https:\/\/gradski.me\/en\/wp-json\/wp\/v2\/comments?post=921366"}],"version-history":[{"count":0,"href":"https:\/\/gradski.me\/en\/wp-json\/wp\/v2\/posts\/921366\/revisions"}],"wp:featuredmedia":[{"embeddable":true,"href":"https:\/\/gradski.me\/en\/wp-json\/wp\/v2\/media\/918115"}],"wp:attachment":[{"href":"https:\/\/gradski.me\/en\/wp-json\/wp\/v2\/media?parent=921366"}],"wp:term":[{"taxonomy":"category","embeddable":true,"href":"https:\/\/gradski.me\/en\/wp-json\/wp\/v2\/categories?post=921366"},{"taxonomy":"post_tag","embeddable":true,"href":"https:\/\/gradski.me\/en\/wp-json\/wp\/v2\/tags?post=921366"},{"taxonomy":"naslovna","embeddable":true,"href":"https:\/\/gradski.me\/en\/wp-json\/wp\/v2\/naslovna?post=921366"}],"curies":[{"name":"wp","href":"https:\/\/api.w.org\/{rel}","templated":true}]}}