{"id":921341,"date":"2025-07-30T10:24:00","date_gmt":"2025-07-30T08:24:00","guid":{"rendered":"https:\/\/gradski.me\/uncategorized\/crnogorski-teniseri-na-kvalifikacijama-za-summer-cup\/"},"modified":"2025-07-30T10:24:00","modified_gmt":"2025-07-30T08:24:00","slug":"crnogorski-teniseri-na-kvalifikacijama-za-summer-cup","status":"publish","type":"post","link":"https:\/\/gradski.me\/en\/sport\/crnogorski-teniseri-na-kvalifikacijama-za-summer-cup\/","title":{"rendered":"Crnogorski teniseri na kvalifikacijama za Summer cup"},"content":{"rendered":"<p><\/p>\n\n\n\n<p>&#8222;Crna Gora se nalazi u grupi sa Hrvatskom, Izraelom, Italijom, Holandijom, Rumunijom, Slova\u010dkom i Slovenijom.\u00a0<\/p>\n\n\n\n<p>Na\u0161i reprezentativci \u0107e imati priliku da se kvalifikuju na glavni Summer Cup turnir, koji se ima odr\u017eati od 4. do 6. avgusta u Le Tuketu, Francuskoj&#8220;, navodi se u saop\u0161tenju.<\/p>","protected":false},"excerpt":{"rendered":"<p>Crnogorski reprezentativci Luka Lukovac, Pavle Vukosavljevi\u0107 i Vuk Krstaji\u0107, predvo\u0111eni selektorom Maksimom Mi\u0107kovi\u0107em, otputovali su u Latiano, Italiju, gdje \u0107e od 30. jula do 1. avgusta igrati kvalifikacije za Summer Cup do 16 godina, kazali su iz Teniskog saveza.<\/p>","protected":false},"author":8,"featured_media":921342,"comment_status":"open","ping_status":"open","sticky":false,"template":"","format":"standard","meta":{"_acf_changed":false,"footnotes":"","jetpack_publicize_message":"","jetpack_publicize_feature_enabled":true,"jetpack_social_post_already_shared":false,"jetpack_social_options":{"image_generator_settings":{"template":"highway","default_image_id":0,"font":"","enabled":false},"version":2}},"categories":[15],"tags":[3752,215],"naslovna":[],"class_list":["post-921341","post","type-post","status-publish","format-standard","has-post-thumbnail","hentry","category-sport","tag-takmicenje","tag-tenis"],"acf":[],"jetpack_publicize_connections":[],"_links":{"self":[{"href":"https:\/\/gradski.me\/en\/wp-json\/wp\/v2\/posts\/921341","targetHints":{"allow":["GET"]}}],"collection":[{"href":"https:\/\/gradski.me\/en\/wp-json\/wp\/v2\/posts"}],"about":[{"href":"https:\/\/gradski.me\/en\/wp-json\/wp\/v2\/types\/post"}],"author":[{"embeddable":true,"href":"https:\/\/gradski.me\/en\/wp-json\/wp\/v2\/users\/8"}],"replies":[{"embeddable":true,"href":"https:\/\/gradski.me\/en\/wp-json\/wp\/v2\/comments?post=921341"}],"version-history":[{"count":0,"href":"https:\/\/gradski.me\/en\/wp-json\/wp\/v2\/posts\/921341\/revisions"}],"wp:featuredmedia":[{"embeddable":true,"href":"https:\/\/gradski.me\/en\/wp-json\/wp\/v2\/media\/921342"}],"wp:attachment":[{"href":"https:\/\/gradski.me\/en\/wp-json\/wp\/v2\/media?parent=921341"}],"wp:term":[{"taxonomy":"category","embeddable":true,"href":"https:\/\/gradski.me\/en\/wp-json\/wp\/v2\/categories?post=921341"},{"taxonomy":"post_tag","embeddable":true,"href":"https:\/\/gradski.me\/en\/wp-json\/wp\/v2\/tags?post=921341"},{"taxonomy":"naslovna","embeddable":true,"href":"https:\/\/gradski.me\/en\/wp-json\/wp\/v2\/naslovna?post=921341"}],"curies":[{"name":"wp","href":"https:\/\/api.w.org\/{rel}","templated":true}]}}