{"id":921330,"date":"2025-07-30T08:33:39","date_gmt":"2025-07-30T06:33:39","guid":{"rendered":"https:\/\/gradski.me\/uncategorized\/crnogorski-teniseri-spremni-za-izazov-u-italiji\/"},"modified":"2025-07-30T08:33:39","modified_gmt":"2025-07-30T06:33:39","slug":"crnogorski-teniseri-spremni-za-izazov-u-italiji","status":"publish","type":"post","link":"https:\/\/gradski.me\/en\/sport\/crnogorski-teniseri-spremni-za-izazov-u-italiji\/","title":{"rendered":"Crnogorski teniseri spremni za izazov u Italiji"},"content":{"rendered":"<p>Crna Gora se nalazi u grupi sa Hrvatskom, Izraelom, Italijom, Holandijom, Rumunijom, Slova\u010dkom i Slovenijom.&nbsp;<\/p>\n\n\n\n<p>Na\u0161i reprezentativci \u0107e imati priliku da se kvalifikuju na glavni Summer Cup turnir, koji se ima odr\u017eati od 4. do 6. avgusta u Le Tuketu, Francuskoj.<\/p>","protected":false},"excerpt":{"rendered":"<p>Crnogorski reprezentativci\u00a0Luka Lukovac,\u00a0Pavle Vukosavljevi\u0107\u00a0i\u00a0Vuk Krstaji\u0107, predvo\u0111eni selektorom\u00a0Maksimom Mi\u0107kovi\u0107em, otputovali su u Latiano, Italiju, gdje \u0107e od 30. jula do 1. avgusta igrati kvalifikacije za Summer Cup do 16 godina.<\/p>","protected":false},"author":7,"featured_media":921331,"comment_status":"open","ping_status":"open","sticky":false,"template":"","format":"standard","meta":{"_acf_changed":false,"footnotes":"","jetpack_publicize_message":"","jetpack_publicize_feature_enabled":true,"jetpack_social_post_already_shared":false,"jetpack_social_options":{"image_generator_settings":{"template":"highway","default_image_id":0,"font":"","enabled":false},"version":2}},"categories":[15],"tags":[5609,6992,6993,21971,22730,18577,466,6994],"naslovna":[],"class_list":["post-921330","post","type-post","status-publish","format-standard","has-post-thumbnail","hentry","category-sport","tag-kvalifikacije","tag-luka-lukovac","tag-maksim-mickovic","tag-pavle-vukosavljevic","tag-summer-cup","tag-teniska-reprezentacija-crne-gore","tag-tscg","tag-vuk-krstajic"],"acf":[],"jetpack_publicize_connections":[],"_links":{"self":[{"href":"https:\/\/gradski.me\/en\/wp-json\/wp\/v2\/posts\/921330","targetHints":{"allow":["GET"]}}],"collection":[{"href":"https:\/\/gradski.me\/en\/wp-json\/wp\/v2\/posts"}],"about":[{"href":"https:\/\/gradski.me\/en\/wp-json\/wp\/v2\/types\/post"}],"author":[{"embeddable":true,"href":"https:\/\/gradski.me\/en\/wp-json\/wp\/v2\/users\/7"}],"replies":[{"embeddable":true,"href":"https:\/\/gradski.me\/en\/wp-json\/wp\/v2\/comments?post=921330"}],"version-history":[{"count":0,"href":"https:\/\/gradski.me\/en\/wp-json\/wp\/v2\/posts\/921330\/revisions"}],"wp:featuredmedia":[{"embeddable":true,"href":"https:\/\/gradski.me\/en\/wp-json\/wp\/v2\/media\/921331"}],"wp:attachment":[{"href":"https:\/\/gradski.me\/en\/wp-json\/wp\/v2\/media?parent=921330"}],"wp:term":[{"taxonomy":"category","embeddable":true,"href":"https:\/\/gradski.me\/en\/wp-json\/wp\/v2\/categories?post=921330"},{"taxonomy":"post_tag","embeddable":true,"href":"https:\/\/gradski.me\/en\/wp-json\/wp\/v2\/tags?post=921330"},{"taxonomy":"naslovna","embeddable":true,"href":"https:\/\/gradski.me\/en\/wp-json\/wp\/v2\/naslovna?post=921330"}],"curies":[{"name":"wp","href":"https:\/\/api.w.org\/{rel}","templated":true}]}}