{"id":921210,"date":"2025-07-29T17:10:00","date_gmt":"2025-07-29T15:10:00","guid":{"rendered":"https:\/\/gradski.me\/uncategorized\/u-septembru-otvaranje-novog-vrtica-u-zagoricu\/"},"modified":"2025-07-29T17:10:00","modified_gmt":"2025-07-29T15:10:00","slug":"u-septembru-otvaranje-novog-vrtica-u-zagoricu","status":"publish","type":"post","link":"https:\/\/gradski.me\/en\/podgorica\/u-septembru-otvaranje-novog-vrtica-u-zagoricu\/","title":{"rendered":"U septembru otvaranje novog vrti\u0107a u Zagori\u010du"},"content":{"rendered":"<p>Brojni objekti Javne pred\u0161kolske ustanove \u201c\u0110ina Vrbica\u201d poti\u010du jo\u0161 iz sredine pro\u0161log vijeka pa je, kako je nagla\u0161eno, bila neophodna njihova adaptacija kako bi mali\u0161ani imali bolje uslove za boravak.<\/p>\n\n\n\n<p>&#8222;To su radovi koji uti\u010du ba\u0161 na kvalitet boravka djece u vrti\u0107ima, od, na primjer, sanacije krovova do zamjene neke dotrajale opreme, tako\u0111e \u2013 ure\u0111enje dvori\u0161ta i prostora u kom djeca borave. Trudimo se i radimo na tome da prije svega djeca, isto tako i zaposleni borave u jednom zdravom, sigurnom i podsticajnom okru\u017eenju&#8220;, kazala je Dragana Bjeli\u0107, PR JPU &#8222;\u0110ina Vrbica&#8220;.<\/p>\n\n\n\n<p>Nabavljena je, dodaje Bjeli\u0107, dodatna oprema koja \u0107e olak\u0161ati rad vaspitnih jedinica.<\/p>\n\n\n\n<figure class=\"wp-block-image size-large\"><img decoding=\"async\" src=\"https:\/\/rtvpg.me\/wp-content\/uploads\/2025\/07\/djina-1024x498.jpg\" alt=\"\" class=\"wp-image-802951\" title=\"\"><\/figure>\n\n\n\n<p>&#8222;Nabavili smo profesionalne ma\u0161ine za pranje i su\u0161enje ve\u0161a, tako\u0111e \u2013 nabavili smo i profesionalnu kuhinjsku opremu, obezbije\u0111ena je nova posteljina za svu novoupisanu djecu, pa se nadam da smo na ovaj na\u010din obezbijedli kvalitetan rad kuhinje i ve\u0161eraja&#8220;, isti\u010de.<\/p>\n\n\n\n<p>U septembru \u0107e biti otvoren i novi vrti\u0107 u Zagori\u010du.<\/p>\n\n\n\n<p>&#8222;Da je to objekat koji ima preko 400 metara, i da \u0107e biti pet novih u\u010dionica. Na taj na\u010din omogu\u0107i\u0107emo ve\u0107i upis djece&#8220;, dodaje.<\/p>\n\n\n\n<p>Time \u0107e biti smanjen pritisak na vrti\u0107e u \u0161irem centru grada, dok \u0107e se nastaviti sa pobolj\u0161avanjem kapaciteta, poru\u010dila je Bjeli\u0107.<\/p>\n\n\n\n<figure class=\"wp-block-embed is-type-video is-provider-youtube wp-block-embed-youtube wp-embed-aspect-16-9 wp-has-aspect-ratio\"><div class=\"wp-block-embed__wrapper\">\n<iframe title=\"U septembru otvaranje novog vrti\u0107a u Zagori\u010du\" width=\"800\" height=\"450\" src=\"https:\/\/www.youtube.com\/embed\/LTSpjglXVLg?feature=oembed\" frameborder=\"0\" allow=\"accelerometer; autoplay; clipboard-write; encrypted-media; gyroscope; picture-in-picture; web-share\" referrerpolicy=\"strict-origin-when-cross-origin\" allowfullscreen><\/iframe>\n<\/div><\/figure>","protected":false},"excerpt":{"rendered":"<p>U Javnoj pred\u0161kolskoj ustanovi &#8222;\u0110ina Vrbica&#8220;, pripremaju se za po\u010detak nove \u0161kolske godine, pa je tim povodom, pored adaptacije postoje\u0107ih objekata, najavljeno i otvaranje nove vaspitne jedinice.<\/p>","protected":false},"author":16,"featured_media":921211,"comment_status":"open","ping_status":"open","sticky":false,"template":"","format":"standard","meta":{"_acf_changed":false,"footnotes":"","jetpack_publicize_message":"","jetpack_publicize_feature_enabled":true,"jetpack_social_post_already_shared":false,"jetpack_social_options":{"image_generator_settings":{"template":"highway","default_image_id":0,"font":"","enabled":false},"version":2}},"categories":[6],"tags":[9542,28,1510,1731],"naslovna":[],"class_list":["post-921210","post","type-post","status-publish","format-standard","has-post-thumbnail","hentry","category-podgorica","tag-jpu-djina-vrbica","tag-podgorica","tag-vrtic","tag-zagoric"],"acf":[],"jetpack_publicize_connections":[],"_links":{"self":[{"href":"https:\/\/gradski.me\/en\/wp-json\/wp\/v2\/posts\/921210","targetHints":{"allow":["GET"]}}],"collection":[{"href":"https:\/\/gradski.me\/en\/wp-json\/wp\/v2\/posts"}],"about":[{"href":"https:\/\/gradski.me\/en\/wp-json\/wp\/v2\/types\/post"}],"author":[{"embeddable":true,"href":"https:\/\/gradski.me\/en\/wp-json\/wp\/v2\/users\/16"}],"replies":[{"embeddable":true,"href":"https:\/\/gradski.me\/en\/wp-json\/wp\/v2\/comments?post=921210"}],"version-history":[{"count":0,"href":"https:\/\/gradski.me\/en\/wp-json\/wp\/v2\/posts\/921210\/revisions"}],"wp:featuredmedia":[{"embeddable":true,"href":"https:\/\/gradski.me\/en\/wp-json\/wp\/v2\/media\/921211"}],"wp:attachment":[{"href":"https:\/\/gradski.me\/en\/wp-json\/wp\/v2\/media?parent=921210"}],"wp:term":[{"taxonomy":"category","embeddable":true,"href":"https:\/\/gradski.me\/en\/wp-json\/wp\/v2\/categories?post=921210"},{"taxonomy":"post_tag","embeddable":true,"href":"https:\/\/gradski.me\/en\/wp-json\/wp\/v2\/tags?post=921210"},{"taxonomy":"naslovna","embeddable":true,"href":"https:\/\/gradski.me\/en\/wp-json\/wp\/v2\/naslovna?post=921210"}],"curies":[{"name":"wp","href":"https:\/\/api.w.org\/{rel}","templated":true}]}}