{"id":921113,"date":"2025-07-29T11:11:00","date_gmt":"2025-07-29T09:11:00","guid":{"rendered":"https:\/\/gradski.me\/uncategorized\/gusinje-dobija-visenamjenski-centar-za-javne-usluge\/"},"modified":"2025-07-29T11:11:00","modified_gmt":"2025-07-29T09:11:00","slug":"gusinje-dobija-visenamjenski-centar-za-javne-usluge","status":"publish","type":"post","link":"https:\/\/gradski.me\/en\/drustvo\/gusinje-dobija-visenamjenski-centar-za-javne-usluge\/","title":{"rendered":"Gusinje dobija vi\u0161enamjenski centar za javne usluge"},"content":{"rendered":"<p><br><\/p>\n\n\n\n<p><br>Kamen temeljac su postavili ministar socijalnog staranja, brige o porodici i demografije Damir Guti\u0107, stalna predstavnica Programa Ujedinjenih nacija (UNDP) u Crnoj Gori Ekaterina Paniklova i predsjednik Op\u0161tine Sanel Bali\u0107.<\/p>\n\n\n\n<p>&#8222;Ovdje danas zapo\u010dinjemo gradnju ne samo objekta, ve\u0107 i nade za dalju posve\u0107enost dobrobiti gra\u0111ana i razvoju op\u0161tine Gusinje, postavljamo temelje iz kojih \u0107e nastati \u010dvrsta gra\u0111evina, izgra\u0111ena na razumijevanju da svaki \u010dlan zajednice, bez obzira na godine, prihode ili okolnosti, zaslu\u017euje pristup podr\u0161ci, bezbijednosti i osjec\u0301aju pripadnosti. Kada bude izgra\u0111en, ovaj vi\u0161enamjenski objekat c\u0301e slu\u017eiti kao svetionik dru\u0161tvene odgovornosti. Osmi\u0161ljen je da bude fleksibilan po svrsi, ali jedinstven po misiji, da slu\u017ei javnom dobru&#8220;, kazao je Guti\u0107.<\/p>\n\n\n\n<p>Za izgradnju objekta povr\u0161ine 280 kvadratnih metara, Vlada Crne Gore je opredijelila sredstva u iznosu od oko 445.000 eura, a UNDP je sproveo tendersku proceduru i odabrao izvo\u0111a\u010da radova.<\/p>\n\n\n\n<p>&#8222;Ovaj objekat predstavlja zna\u010dajan iskorak ka dostupnijim i kvalitetnijim javnim uslugama za sve gra\u0111anke i gra\u0111ane Gusinja, posebno za starije i osobe sa invaliditetom. Kroz blisku saradnju sa Ministarstvom i lokalnim vlastima, UNDP nastoji da doprinese razvoju servisa koji ja\u010daju osje\u0107aj pripadnosti i unapre\u0111uju svakodnevni \u017eivot. Ovo je jo\u0161 jedan primjer kako zajedni\u010dkim naporima mo\u017eemo graditi inkluzivnije dru\u0161tvo u kojem niko nije izostavljen&#8220;, naglasila je Paniklova.<\/p>\n\n\n\n<p>Objekat je zna\u010dajan za op\u0161tinu Gusinje posebno zbog uspostavljanja usluge dnevnog boravka za odrasla i stara lica i odrasla i stara lica sa invaliditetom, a sve u cilju o\u010duvanja njihovog dostojanstva, prava na izbor i smanjivanja institucionalnog smje\u0161taja.<\/p>\n\n\n\n<p>&#8222;Mogu re\u0107i da je ovo jedan sve\u010dani \u010din za na\u0161e gra\u0111ane, ovaj objekat \u010dekamo od 2017.godine. Uspjeli smo uz sve napore sa na\u0161im partnerom u Ministarstvu da dogovorimo sve, da uklonimo nelegalni objekat i danas kona\u010dno polo\u017eimo kamen temeljac za jedan budu\u0107i objekat, u kojem \u0107e biti smje\u0161teni CSR, ZZZ i Fond PIO i \u0161to je za nas najva\u017enije Dnevni boravak za stara lica. Nadam se da \u0107e dnevni boravak unaprijediti na\u0161im starijim gra\u0111anima mogu\u0107nost da se dru\u017ee i da budemo mi svima njima na usluzi i da im se zahvalimo \u0161to su do\u017eivjeli starost u na\u0161em gradu&#8220;, zaklju\u010dio je Bali\u0107.<\/p>","protected":false},"excerpt":{"rendered":"<p>U Gusinju je postavljen kamen temeljac za vi\u0161enamjenski objekat, namijenjen za potrebe Centra za socijalni rad, Fonda za zdravstveno osiguranje, Dnevnog boravka, Fonda PIO i Zavoda za zapo\u0161ljavanje.<\/p>","protected":false},"author":5,"featured_media":921114,"comment_status":"open","ping_status":"open","sticky":false,"template":"","format":"standard","meta":{"_acf_changed":false,"footnotes":"","jetpack_publicize_message":"","jetpack_publicize_feature_enabled":true,"jetpack_social_post_already_shared":false,"jetpack_social_options":{"image_generator_settings":{"template":"highway","default_image_id":0,"font":"","enabled":false},"version":2}},"categories":[9],"tags":[5233,955],"naslovna":[],"class_list":["post-921113","post","type-post","status-publish","format-standard","has-post-thumbnail","hentry","category-drustvo","tag-centar","tag-gusinje"],"acf":[],"jetpack_publicize_connections":[],"_links":{"self":[{"href":"https:\/\/gradski.me\/en\/wp-json\/wp\/v2\/posts\/921113","targetHints":{"allow":["GET"]}}],"collection":[{"href":"https:\/\/gradski.me\/en\/wp-json\/wp\/v2\/posts"}],"about":[{"href":"https:\/\/gradski.me\/en\/wp-json\/wp\/v2\/types\/post"}],"author":[{"embeddable":true,"href":"https:\/\/gradski.me\/en\/wp-json\/wp\/v2\/users\/5"}],"replies":[{"embeddable":true,"href":"https:\/\/gradski.me\/en\/wp-json\/wp\/v2\/comments?post=921113"}],"version-history":[{"count":0,"href":"https:\/\/gradski.me\/en\/wp-json\/wp\/v2\/posts\/921113\/revisions"}],"wp:featuredmedia":[{"embeddable":true,"href":"https:\/\/gradski.me\/en\/wp-json\/wp\/v2\/media\/921114"}],"wp:attachment":[{"href":"https:\/\/gradski.me\/en\/wp-json\/wp\/v2\/media?parent=921113"}],"wp:term":[{"taxonomy":"category","embeddable":true,"href":"https:\/\/gradski.me\/en\/wp-json\/wp\/v2\/categories?post=921113"},{"taxonomy":"post_tag","embeddable":true,"href":"https:\/\/gradski.me\/en\/wp-json\/wp\/v2\/tags?post=921113"},{"taxonomy":"naslovna","embeddable":true,"href":"https:\/\/gradski.me\/en\/wp-json\/wp\/v2\/naslovna?post=921113"}],"curies":[{"name":"wp","href":"https:\/\/api.w.org\/{rel}","templated":true}]}}