{"id":921021,"date":"2025-07-28T18:11:00","date_gmt":"2025-07-28T16:11:00","guid":{"rendered":"https:\/\/gradski.me\/uncategorized\/potraga-za-dvoje-holandjana-na-durmitoru\/"},"modified":"2025-07-28T18:11:00","modified_gmt":"2025-07-28T16:11:00","slug":"potraga-za-dvoje-holandjana-na-durmitoru","status":"publish","type":"post","link":"https:\/\/gradski.me\/en\/drustvo\/potraga-za-dvoje-holandjana-na-durmitoru\/","title":{"rendered":"Potraga za dvoje Holan\u0111ana na Durmitoru"},"content":{"rendered":"<p><br><br><br>Rije\u010d je o dr\u017eavljanima Holandije, koji su zaglavljeni ispod Malog me\u0111eda.<\/p>\n\n\n\n<p>U akciji u\u010destvuju iz Gorske slu\u017ebe iz spa\u0161avanja, pri \u010demu ona te\u010de u pogor\u0161anim vremenskim uslovima.<\/p>\n\n\n\n<p>&#8222;Spasila\u010dku akciju pokrenula je Gorska slu\u017eba spa\u0161avanja Crne Gore (GSSCG), nakon \u0161to je poziv za pomo\u0107 upu\u0107en putem OKC 112 Direktorata za za\u0161titu i spa\u0161avanje Ministarstva unutra\u0161njih poslova&#8220;, napisali su iz GSSCG.<\/p>\n\n\n\n<p>Akcija je toku.<\/p>\n\n\n\n<p>Na Durmitoru trenutno vladaju lo\u0161i vremenski uslovi, uz intenzivne padavine.<\/p>\n\n\n\n<p><\/p>","protected":false},"excerpt":{"rendered":"<p>Na Durmitoru ve\u010deras traje potraga za dvoje stranih dr\u017eavljana.<\/p>","protected":false},"author":5,"featured_media":921022,"comment_status":"open","ping_status":"open","sticky":false,"template":"","format":"standard","meta":{"_acf_changed":false,"footnotes":"","jetpack_publicize_message":"","jetpack_publicize_feature_enabled":true,"jetpack_social_post_already_shared":false,"jetpack_social_options":{"image_generator_settings":{"template":"highway","default_image_id":0,"font":"","enabled":false},"version":2}},"categories":[9],"tags":[826,22622,14868],"naslovna":[],"class_list":["post-921021","post","type-post","status-publish","format-standard","has-post-thumbnail","hentry","category-drustvo","tag-durmitor","tag-holandjani","tag-potraga"],"acf":[],"jetpack_publicize_connections":[],"_links":{"self":[{"href":"https:\/\/gradski.me\/en\/wp-json\/wp\/v2\/posts\/921021","targetHints":{"allow":["GET"]}}],"collection":[{"href":"https:\/\/gradski.me\/en\/wp-json\/wp\/v2\/posts"}],"about":[{"href":"https:\/\/gradski.me\/en\/wp-json\/wp\/v2\/types\/post"}],"author":[{"embeddable":true,"href":"https:\/\/gradski.me\/en\/wp-json\/wp\/v2\/users\/5"}],"replies":[{"embeddable":true,"href":"https:\/\/gradski.me\/en\/wp-json\/wp\/v2\/comments?post=921021"}],"version-history":[{"count":0,"href":"https:\/\/gradski.me\/en\/wp-json\/wp\/v2\/posts\/921021\/revisions"}],"wp:featuredmedia":[{"embeddable":true,"href":"https:\/\/gradski.me\/en\/wp-json\/wp\/v2\/media\/921022"}],"wp:attachment":[{"href":"https:\/\/gradski.me\/en\/wp-json\/wp\/v2\/media?parent=921021"}],"wp:term":[{"taxonomy":"category","embeddable":true,"href":"https:\/\/gradski.me\/en\/wp-json\/wp\/v2\/categories?post=921021"},{"taxonomy":"post_tag","embeddable":true,"href":"https:\/\/gradski.me\/en\/wp-json\/wp\/v2\/tags?post=921021"},{"taxonomy":"naslovna","embeddable":true,"href":"https:\/\/gradski.me\/en\/wp-json\/wp\/v2\/naslovna?post=921021"}],"curies":[{"name":"wp","href":"https:\/\/api.w.org\/{rel}","templated":true}]}}