{"id":921003,"date":"2025-07-28T17:12:00","date_gmt":"2025-07-28T15:12:00","guid":{"rendered":"https:\/\/gradski.me\/uncategorized\/scepanovic-i-pored-pozara-kvalitet-vazduha-u-glavnom-gradu-u-granicama-dozvoljenog\/"},"modified":"2025-07-28T17:12:00","modified_gmt":"2025-07-28T15:12:00","slug":"scepanovic-i-pored-pozara-kvalitet-vazduha-u-glavnom-gradu-u-granicama-dozvoljenog","status":"publish","type":"post","link":"https:\/\/gradski.me\/en\/podgorica\/scepanovic-i-pored-pozara-kvalitet-vazduha-u-glavnom-gradu-u-granicama-dozvoljenog\/","title":{"rendered":"\u0160\u0107epanovi\u0107: I pored po\u017eara kvalitet vazduha u Glavnom gradu u granicama dozvoljenog"},"content":{"rendered":"<p><\/p>\n\n\n\n<p><\/p>\n\n\n\n<p>Na mikroprostorima gdje je po\u017ear izbio zabilje\u017eavaju se pove\u0107ane vrijednosti parametara koji defini\u0161u kvalitet vazduha- ipak, ako govorimo u cjelokupnoj teritoriji Podgorice, trenutno stanje je zadovoljavaju\u0107e, kazala je Lidija \u0160\u0107epanovi\u0107 iz Agencije za za\u0161titu \u017eivotne sredine.<\/p>\n\n\n\n<p><br>&#8222;Vrlo dobar je kvalitet vazduha, podsjeti\u0107u gra\u0111ane da imamo tri stanice na teritoriji Podgorice, jedna Urban background stanica nalazi se u Bloku 5, imamo Urban trafic stanicu koja dominantno prati uticaj saobra\u0107aja na Zabjelu, i Rural background stanicu u Gornjim Mrkama&#8220;, kazala je \u0160\u0107epanovi\u0107.<\/p>\n\n\n\n<p>Na teritoriji Podgorice, podsje\u0107a, aktuelni su veliki po\u017eari, a posebno ozbiljna situacija bila je ju\u010de na \u0106emovskom polju.<\/p>\n\n\n\n<p><br>&#8216;Me\u0111utim, zbog velikog vjetra koji naravno nije pogodovao i pospje\u0161ivao je \u0161irenje po\u017eara, materije su zbog takvog vjetra i\u0161le visoko, i do\u0161lo je do njihove disperzije, tako da na\u0161e stanice nisu evidentirale prekora\u010denje ili pove\u0107ane vrijednosti parametara koji se prate na na\u0161im stanicama&#8220;, kazala je \u0160\u0107epanovi\u0107. <\/p>\n\n\n\n<p> Agencija za za\u0161titu \u017eivotne sredine u saradnji sa NVO Ozon i IJZ razvila je aplikaciju vazduh.me na kojoj se, kako navodi, nalaze preporuke Instututa za pona\u0161anje gra\u0111ana u odnosu na kvalitet vazduha.<\/p>\n\n\n\n<p><br>&#8222;Jo\u0161 jednom apelujemo, mi smo radili i flajere gdje smo upozoravali gra\u0111ane na koji na\u010din mo\u017ee po\u017ear da uti\u010de kako na kvalitet vazduha, tako i na biljni i \u017eivotinjski svijet koji gravitira na tim podru\u010djima, i naravno, negdje smo pokrenuli bili inicijativu i mislim da je to usvojeno da u krivi\u010dnom zakoniku bude prepoznat po\u017ear koji uti\u010de na \u017eivotnu sredinu i da te kaznene mjere definitivno moraju biti mnogo mnogo viso\u010dije&#8220;, kazala je \u0160\u0107epanovi\u0107. <\/p>\n\n\n\n<p>U danima kada dolazi do prekora\u010denja dozvoljenih vrijednosti zaga\u0111uju\u0107ih materija poput sumpor -dioksida i azotnih oksida, Agencija u skladu sa Zakonom o za\u0161titi vazduha, preduzima zakonom propisane mjere &#8211; donosi kratkoro\u010dne akcione planove koji su obavezuju\u0107i za sve.<br>Gra\u0111ani mogu u realnom vremenu pratiti podatke o kvalitetu vazduha putem zvani\u010dnog sajta Agencije za za\u0161titu \u017eivotne sredine kao i kroz online aplikaciju vazduh.me. , zaklju\u010dila je \u0160\u0107epanovi\u0107.<\/p>\n\n\n\n<figure class=\"wp-block-embed is-type-video is-provider-youtube wp-block-embed-youtube wp-embed-aspect-16-9 wp-has-aspect-ratio\"><div class=\"wp-block-embed__wrapper\">\n<iframe title=\"\u0160\u0107epanovi\u0107:  I pored po\u017eara kvalitet vazduha u granicama dozvoljenog\" width=\"800\" height=\"450\" src=\"https:\/\/www.youtube.com\/embed\/VoOkDk-syc4?feature=oembed\" frameborder=\"0\" allow=\"accelerometer; autoplay; clipboard-write; encrypted-media; gyroscope; picture-in-picture; web-share\" referrerpolicy=\"strict-origin-when-cross-origin\" allowfullscreen><\/iframe>\n<\/div><\/figure>","protected":false},"excerpt":{"rendered":"<p>I pored velikih po\u017eara koji danima bukte, kvalitet vazduha u glavnom gradu i dalje je u granicama dozvoljenog, poru\u010duju iz Agencije za za\u0161titu \u017eivotne sredine.<\/p>","protected":false},"author":5,"featured_media":921004,"comment_status":"open","ping_status":"open","sticky":false,"template":"","format":"standard","meta":{"_acf_changed":false,"footnotes":"","jetpack_publicize_message":"","jetpack_publicize_feature_enabled":true,"jetpack_social_post_already_shared":false,"jetpack_social_options":{"image_generator_settings":{"template":"highway","default_image_id":0,"font":"","enabled":false},"version":2}},"categories":[6],"tags":[4239,22619,4703],"naslovna":[],"class_list":["post-921003","post","type-post","status-publish","format-standard","has-post-thumbnail","hentry","category-podgorica","tag-agencija","tag-lidija-scepanovic","tag-zagadjenje"],"acf":[],"jetpack_publicize_connections":[],"_links":{"self":[{"href":"https:\/\/gradski.me\/en\/wp-json\/wp\/v2\/posts\/921003","targetHints":{"allow":["GET"]}}],"collection":[{"href":"https:\/\/gradski.me\/en\/wp-json\/wp\/v2\/posts"}],"about":[{"href":"https:\/\/gradski.me\/en\/wp-json\/wp\/v2\/types\/post"}],"author":[{"embeddable":true,"href":"https:\/\/gradski.me\/en\/wp-json\/wp\/v2\/users\/5"}],"replies":[{"embeddable":true,"href":"https:\/\/gradski.me\/en\/wp-json\/wp\/v2\/comments?post=921003"}],"version-history":[{"count":0,"href":"https:\/\/gradski.me\/en\/wp-json\/wp\/v2\/posts\/921003\/revisions"}],"wp:featuredmedia":[{"embeddable":true,"href":"https:\/\/gradski.me\/en\/wp-json\/wp\/v2\/media\/921004"}],"wp:attachment":[{"href":"https:\/\/gradski.me\/en\/wp-json\/wp\/v2\/media?parent=921003"}],"wp:term":[{"taxonomy":"category","embeddable":true,"href":"https:\/\/gradski.me\/en\/wp-json\/wp\/v2\/categories?post=921003"},{"taxonomy":"post_tag","embeddable":true,"href":"https:\/\/gradski.me\/en\/wp-json\/wp\/v2\/tags?post=921003"},{"taxonomy":"naslovna","embeddable":true,"href":"https:\/\/gradski.me\/en\/wp-json\/wp\/v2\/naslovna?post=921003"}],"curies":[{"name":"wp","href":"https:\/\/api.w.org\/{rel}","templated":true}]}}