{"id":920870,"date":"2025-07-28T05:39:00","date_gmt":"2025-07-28T03:39:00","guid":{"rendered":"https:\/\/gradski.me\/uncategorized\/promjene-u-policiji-uvodi-se-zvanje-pozornik-obavezno-poligrafsko-testiranje-redovne-bezbjednosne-provjere\/"},"modified":"2025-07-28T05:39:00","modified_gmt":"2025-07-28T03:39:00","slug":"promjene-u-policiji-uvodi-se-zvanje-pozornik-obavezno-poligrafsko-testiranje-redovne-bezbjednosne-provjere","status":"publish","type":"post","link":"https:\/\/gradski.me\/en\/hronika\/promjene-u-policiji-uvodi-se-zvanje-pozornik-obavezno-poligrafsko-testiranje-redovne-bezbjednosne-provjere\/","title":{"rendered":"Promjene u policiji: Uvodi se zvanje pozornik, obavezno poligrafsko testiranje, redovne bezbjednosne provjere"},"content":{"rendered":"<p><\/p>\n\n\n\n<p><strong>Poligraf \u2013 nova obaveza za sve policajce<\/strong><\/p>\n\n\n\n<p>Jedna od zna\u010dajnih novina je uvo\u0111enje obaveznog poligrafskog testiranja za policijske slu\u017ebenike u vezi s okolnostima obavljanja posla. Testiranje se mo\u017ee sprovesti po zahtjevu neposrednog rukovodioca, direktora policije ili unutra\u0161nje kontrole.<\/p>\n\n\n\n<p>\u201cOdbijanje testiranja bi\u0107e tretirano kao povreda slu\u017ebene du\u017enosti\u201d, navodi se u Nacrtu zakona..<\/p>\n\n\n\n<p><strong>Bezbjednosne provjere svakih pet godina<\/strong><\/p>\n\n\n\n<p>Izme\u0111u ostalog zakonom se uvodi obaveza da se svi policijski slu\u017ebenici svakih pet godina podvrgnu provjeri postojanja bezbjednosnih smetnji. Ukoliko Komisija za provjeru utvrdi postojanje takvih smetnji, to postaje osnov za prestanak radnog odnosa, bez potrebe za dodatnim disciplinskim postupkom.<\/p>\n\n\n\n<p><strong>Zvanje \u201cpozornik\u201d \u2013 nova snaga u zajednici<\/strong><\/p>\n\n\n\n<p>Zna\u010dajno je i da se uvedi novo policijsko zvanje \u2013 pozornik, koje zahtijeva IV stepen stru\u010dne spreme, za razliku od dosada\u0161njeg najni\u017eeg zvanja \u201cpolicajac\u201d (V stepen). Ovaj korak, kako pija\u0161njavaju u MUP-u, ima za cilj da poja\u010da prisustvo policije u zajednici, posebno u \u0161kolama, bolnicama i drugim javnim institucijama, bez dodatnog optere\u0107enja specijalizovanih jedinica.<\/p>\n\n\n\n<p>\u201cPozornici \u0107e slu\u017eiti kao preventivna i za\u0161titna sila \u2013 oni \u0107e biti vidljivo lice policije na terenu i prva ta\u010dka kontakta sa gra\u0111anima. Ovo je odgovor na sve \u010de\u0161\u0107e zahtjeve javnosti za ve\u0107im i prepoznatljivijim prisustvom policije na svakodnevnim lokacijama\u201d, pi\u0161e u Nacrtu zakona.<\/p>\n\n\n\n<p><strong>Objavljivanje fotografija i video snimaka osumnji\u010denih<\/strong><\/p>\n\n\n\n<p>Novim \u010dlanom zakona omogu\u0107ava se da, u cilju identifikacije ili pronalaska osumnji\u010denih, policija javnosti objavi fotografije, video snimke ili drugi sadr\u017eaj. Ovo se odnosi na lica za koja postoji osnovana sumnja da su po\u010dinila krivi\u010dna djela za koja se goni po slu\u017ebenoj du\u017enosti.<\/p>\n\n\n\n<p><strong>Poo\u0161trene disciplinske mjere<\/strong><\/p>\n\n\n\n<p>Zakon predvi\u0111a i pro\u0161irenje liste te\u0161kih disciplinskih prekr\u0161aja, uklju\u010duju\u0107i dolazak na posao pod dejstvom alkohola ili psihoaktivnih supstanci, odbijanje testiranja i gubitak zvanja. Izre\u010dena mjera gubitka policijskog zvanja ne\u0107e nu\u017eno zna\u010diti prestanak radnog odnosa \u2013 takvo lice mo\u017ee biti raspore\u0111eno na druge poslove u javnoj upravi.<\/p>\n\n\n\n<p><strong>Rok za usvajanje podzakonskih akata \u2013 \u0161est mjeseci<\/strong><\/p>\n\n\n\n<p>Ministarstvo unutra\u0161njih poslova ima rok od \u0161est mjeseci da donese sve neophodne podzakonske akte kako bi zakon bio u potpunosti primijenjen.<\/p>\n\n\n\n<p>Kako navode predlaga\u010di, cilj ovog zakona je dubinska transformacija policijske slu\u017ebe, uz jasno razgrani\u010denje izme\u0111u \u010dasnog obavljanja du\u017enosti i zloupotrebe uniforme.<\/p>\n\n\n\n<p>\u201cVeting nije puka procedura, ve\u0107 jasan signal da dr\u017eava ozbiljno pristupa za\u0161titi gra\u0111ana, zakona i javnog interesa\u201d, isti\u010de se u obrazlo\u017eenju.<\/p>\n\n\n\n<p>U kontekstu evropskih integracija, dodaje se, naru\u0161ene reputacije policije iz prethodnih godina i sve ve\u0107ih izazova u oblasti bezbjednosti, ovaj zakon predstavlja korak ka transparentnijem, odgovornijem i gra\u0111anima bli\u017eem policijskom sistemu.<\/p>\n\n\n\n<p>\u201cZakonom se, izme\u0111u ostalog, produ\u017eava rok za sprovo\u0111enje posebnog postupka zapo\u0161ljavanja u oblasti informacionih tehnologija do kraja 2027. godine, \u010dime se daje dodatan prostor za modernizaciju policijskog kadra\u201d, isti\u010de se izme\u0111u ostalog u Nacrtu zakona o unutra\u0161njim poslovima.<\/p>","protected":false},"excerpt":{"rendered":"<p>U skup\u0161tinskoj proceduri je nacrt Zakona o izmjenama i dopunama Zakona o unutra\u0161njim poslovima, kojim se predvi\u0111a niz promjena u radu i organizaciji policije. Novine su da se uvodi zvanje pozornik, redovne bezbjednosne provjere svakih pet godina, poligrafsko testiranje za sve policijske slu\u017ebenike, kao i objavljivanje fotografija i video snimaka osumnji\u010denih.<\/p>","protected":false},"author":1,"featured_media":915018,"comment_status":"open","ping_status":"open","sticky":false,"template":"","format":"standard","meta":{"_acf_changed":false,"footnotes":"","jetpack_publicize_message":"","jetpack_publicize_feature_enabled":true,"jetpack_social_post_already_shared":false,"jetpack_social_options":{"image_generator_settings":{"template":"highway","default_image_id":0,"font":"","enabled":false},"version":2}},"categories":[10],"tags":[11742,174,22547,3896,22548],"naslovna":[],"class_list":["post-920870","post","type-post","status-publish","format-standard","has-post-thumbnail","hentry","category-hronika","tag-bezbjednosne-provjere","tag-policija","tag-poligrafsko-testiranje","tag-promjene","tag-zvanje-pozornik"],"acf":[],"jetpack_publicize_connections":[],"_links":{"self":[{"href":"https:\/\/gradski.me\/en\/wp-json\/wp\/v2\/posts\/920870","targetHints":{"allow":["GET"]}}],"collection":[{"href":"https:\/\/gradski.me\/en\/wp-json\/wp\/v2\/posts"}],"about":[{"href":"https:\/\/gradski.me\/en\/wp-json\/wp\/v2\/types\/post"}],"author":[{"embeddable":true,"href":"https:\/\/gradski.me\/en\/wp-json\/wp\/v2\/users\/1"}],"replies":[{"embeddable":true,"href":"https:\/\/gradski.me\/en\/wp-json\/wp\/v2\/comments?post=920870"}],"version-history":[{"count":0,"href":"https:\/\/gradski.me\/en\/wp-json\/wp\/v2\/posts\/920870\/revisions"}],"wp:featuredmedia":[{"embeddable":true,"href":"https:\/\/gradski.me\/en\/wp-json\/wp\/v2\/media\/915018"}],"wp:attachment":[{"href":"https:\/\/gradski.me\/en\/wp-json\/wp\/v2\/media?parent=920870"}],"wp:term":[{"taxonomy":"category","embeddable":true,"href":"https:\/\/gradski.me\/en\/wp-json\/wp\/v2\/categories?post=920870"},{"taxonomy":"post_tag","embeddable":true,"href":"https:\/\/gradski.me\/en\/wp-json\/wp\/v2\/tags?post=920870"},{"taxonomy":"naslovna","embeddable":true,"href":"https:\/\/gradski.me\/en\/wp-json\/wp\/v2\/naslovna?post=920870"}],"curies":[{"name":"wp","href":"https:\/\/api.w.org\/{rel}","templated":true}]}}