{"id":920848,"date":"2025-07-27T20:00:00","date_gmt":"2025-07-27T18:00:00","guid":{"rendered":"https:\/\/gradski.me\/uncategorized\/zelenski-predocio-makronu-uslove-za-sastanak-sa-putinom\/"},"modified":"2025-07-27T20:00:00","modified_gmt":"2025-07-27T18:00:00","slug":"zelenski-predocio-makronu-uslove-za-sastanak-sa-putinom","status":"publish","type":"post","link":"https:\/\/gradski.me\/en\/svijet\/zelenski-predocio-makronu-uslove-za-sastanak-sa-putinom\/","title":{"rendered":"Zelenski predo\u010dio Makronu uslove za sastanak sa Putinom"},"content":{"rendered":"<p>\u0160ef Ukrajine obavestio je o rezultatima tre\u0107e runde pregovora sa ruskom stranom u Istanbulu, posebno o postignutom sporazumu u vezi sa novom razmenom zatvorenika.<\/p>\n\n\n\n<p>&#8222;Ukrajina \u010deka odgovor Rusije na predlog da se odr\u017ei samit pre kraja avgusta. Ukrajina i Francuska imaju zajedni\u010dki stav: predstavnici Evrope moraju biti prisutni\u201c, prenosi Unijan.<\/p>\n\n\n\n<p>Tako\u0111e se napominje da je \u0161ef dr\u017eave obavestio o klju\u010dnim odbrambenim potrebama Ukrajine, pre svega o ja\u010danju protivvazdu\u0161ne odbrane.<\/p>\n\n\n\n<p><\/p>","protected":false},"excerpt":{"rendered":"<p>Ukrajina \u010deka odgovor Rusije na predlog da se do kraja avgusta odr\u017ei samit, uz obavezno prisustvo evropskih predstavnika. O tome je bilo re\u010di tokom telefonskog razgovora izme\u0111u ukrajinskog predsednika Volodimira Zelenskog i francuskog predsednika Emanuela Makrona.<\/p>","protected":false},"author":18,"featured_media":915233,"comment_status":"open","ping_status":"open","sticky":false,"template":"","format":"standard","meta":{"_acf_changed":false,"footnotes":"","jetpack_publicize_message":"","jetpack_publicize_feature_enabled":true,"jetpack_social_post_already_shared":false,"jetpack_social_options":{"image_generator_settings":{"template":"highway","default_image_id":0,"font":"","enabled":false},"version":2}},"categories":[14],"tags":[1815,214,301],"naslovna":[],"class_list":["post-920848","post","type-post","status-publish","format-standard","has-post-thumbnail","hentry","category-svijet","tag-emanuel-makron","tag-vladimir-putin","tag-volodimir-zelenski"],"acf":[],"jetpack_publicize_connections":[],"_links":{"self":[{"href":"https:\/\/gradski.me\/en\/wp-json\/wp\/v2\/posts\/920848","targetHints":{"allow":["GET"]}}],"collection":[{"href":"https:\/\/gradski.me\/en\/wp-json\/wp\/v2\/posts"}],"about":[{"href":"https:\/\/gradski.me\/en\/wp-json\/wp\/v2\/types\/post"}],"author":[{"embeddable":true,"href":"https:\/\/gradski.me\/en\/wp-json\/wp\/v2\/users\/18"}],"replies":[{"embeddable":true,"href":"https:\/\/gradski.me\/en\/wp-json\/wp\/v2\/comments?post=920848"}],"version-history":[{"count":0,"href":"https:\/\/gradski.me\/en\/wp-json\/wp\/v2\/posts\/920848\/revisions"}],"wp:featuredmedia":[{"embeddable":true,"href":"https:\/\/gradski.me\/en\/wp-json\/wp\/v2\/media\/915233"}],"wp:attachment":[{"href":"https:\/\/gradski.me\/en\/wp-json\/wp\/v2\/media?parent=920848"}],"wp:term":[{"taxonomy":"category","embeddable":true,"href":"https:\/\/gradski.me\/en\/wp-json\/wp\/v2\/categories?post=920848"},{"taxonomy":"post_tag","embeddable":true,"href":"https:\/\/gradski.me\/en\/wp-json\/wp\/v2\/tags?post=920848"},{"taxonomy":"naslovna","embeddable":true,"href":"https:\/\/gradski.me\/en\/wp-json\/wp\/v2\/naslovna?post=920848"}],"curies":[{"name":"wp","href":"https:\/\/api.w.org\/{rel}","templated":true}]}}