{"id":920844,"date":"2025-07-27T18:06:15","date_gmt":"2025-07-27T16:06:15","guid":{"rendered":"https:\/\/gradski.me\/uncategorized\/mujovic-hrabrost-i-pozrtvovanost-vatrogasaca-i-gradskih-sluzbi-jos-jednom-pokazalo-koliko-su-nezamjenjivi\/"},"modified":"2025-07-27T18:06:15","modified_gmt":"2025-07-27T16:06:15","slug":"mujovic-hrabrost-i-pozrtvovanost-vatrogasaca-i-gradskih-sluzbi-jos-jednom-pokazalo-koliko-su-nezamjenjivi","status":"publish","type":"post","link":"https:\/\/gradski.me\/en\/podgorica\/mujovic-hrabrost-i-pozrtvovanost-vatrogasaca-i-gradskih-sluzbi-jos-jednom-pokazalo-koliko-su-nezamjenjivi\/","title":{"rendered":"Mujovi\u0107: Hrabrost i po\u017ertvovanost vatrogasaca i gradskih slu\u017ebi jo\u0161 jednom pokazalo koliko su nezamjenjivi"},"content":{"rendered":"<p>&#8222;Ovdje sam da bih iskazao ogromno po\u0161tovanje prema ljudima koji se nalaze ovdje, prema Slu\u017ebi za\u0161tite spasavanja, kao i komandiru Nikoli Bojanovi\u0107u i cijelom timu koji je predano radio da bi po\u017ear bio lokalizovan&#8220;, kazao je gradona\u010delnik Podgorica Sa\u0161a Mujovi\u0107.<\/p>\n\n\n\n<p>Dodao je da se po\u017ear \u0161irio velikom brzinom, ali i da je tragi\u010dno da je ljudski faktor uzork po\u017eara.<\/p>\n\n\n\n<p>&#8222;Neki ljudi mra\u010dnih umova ovako ne\u0161to uradili i apelovati na njih i njihovu svijest je pomalo uzaludno&#8220;, kazao je Mujovi\u0107.<\/p>\n\n\n\n<p>Pozvao je i apelovao na gra\u0111ane da reaguju i prijave policiji svaki poku\u0161aj paljenja vatre.<\/p>\n\n\n\n<p>Dodao je da je \u0161teta nemjerljiva.<\/p>\n\n\n\n<p>&#8222;Ovdje nije samo stradalo drve\u0107e, ve\u0107 i veliki broj \u017eivotinja. Ono \u0161to je na nama kao gradskoj administraciji je da pove\u0107amo broj hidranata na ovom podru\u010dju&#8220;, istakao je Mujovi\u0107.<\/p>\n\n\n\n<p>Apelovao je na organe pravosu\u0111a da ovakva djela &#8222;najstro\u017eije sankcioni\u0161u&#8220;.<\/p>\n\n\n\n<p><\/p>","protected":false},"excerpt":{"rendered":"<p>Gradona\u010delnik Podgorice, Sa\u0161a Mujovi\u0107, posjetio je \u0106emovsko polje gdje je danas izbio veliki po\u017ear koji je uspje\u0161no lokalizovan nakon velike borbe sa vatrenom stihijom.<\/p>","protected":false},"author":18,"featured_media":918292,"comment_status":"open","ping_status":"open","sticky":false,"template":"","format":"standard","meta":{"_acf_changed":false,"footnotes":"","jetpack_publicize_message":"","jetpack_publicize_feature_enabled":true,"jetpack_social_post_already_shared":false,"jetpack_social_options":{"image_generator_settings":{"template":"highway","default_image_id":0,"font":"","enabled":false},"version":2}},"categories":[6],"tags":[618,238],"naslovna":[],"class_list":["post-920844","post","type-post","status-publish","format-standard","has-post-thumbnail","hentry","category-podgorica","tag-pozar","tag-sasa-mujovic"],"acf":[],"jetpack_publicize_connections":[],"_links":{"self":[{"href":"https:\/\/gradski.me\/en\/wp-json\/wp\/v2\/posts\/920844","targetHints":{"allow":["GET"]}}],"collection":[{"href":"https:\/\/gradski.me\/en\/wp-json\/wp\/v2\/posts"}],"about":[{"href":"https:\/\/gradski.me\/en\/wp-json\/wp\/v2\/types\/post"}],"author":[{"embeddable":true,"href":"https:\/\/gradski.me\/en\/wp-json\/wp\/v2\/users\/18"}],"replies":[{"embeddable":true,"href":"https:\/\/gradski.me\/en\/wp-json\/wp\/v2\/comments?post=920844"}],"version-history":[{"count":0,"href":"https:\/\/gradski.me\/en\/wp-json\/wp\/v2\/posts\/920844\/revisions"}],"wp:featuredmedia":[{"embeddable":true,"href":"https:\/\/gradski.me\/en\/wp-json\/wp\/v2\/media\/918292"}],"wp:attachment":[{"href":"https:\/\/gradski.me\/en\/wp-json\/wp\/v2\/media?parent=920844"}],"wp:term":[{"taxonomy":"category","embeddable":true,"href":"https:\/\/gradski.me\/en\/wp-json\/wp\/v2\/categories?post=920844"},{"taxonomy":"post_tag","embeddable":true,"href":"https:\/\/gradski.me\/en\/wp-json\/wp\/v2\/tags?post=920844"},{"taxonomy":"naslovna","embeddable":true,"href":"https:\/\/gradski.me\/en\/wp-json\/wp\/v2\/naslovna?post=920844"}],"curies":[{"name":"wp","href":"https:\/\/api.w.org\/{rel}","templated":true}]}}