{"id":920723,"date":"2025-07-26T19:40:00","date_gmt":"2025-07-26T17:40:00","guid":{"rendered":"https:\/\/gradski.me\/uncategorized\/mitropolit-joanikije-u-srijedu-osvestava-temelje-buduceg-hrama-na-verusi\/"},"modified":"2025-07-26T19:40:00","modified_gmt":"2025-07-26T17:40:00","slug":"mitropolit-joanikije-u-srijedu-osvestava-temelje-buduceg-hrama-na-verusi","status":"publish","type":"post","link":"https:\/\/gradski.me\/en\/drustvo\/mitropolit-joanikije-u-srijedu-osvestava-temelje-buduceg-hrama-na-verusi\/","title":{"rendered":"Mitropolit Joanikije u srijedu osve\u0161tava temelje budu\u0107eg hrama na Veru\u0161i"},"content":{"rendered":"<p><br><br><\/p>\n\n\n\n<p><\/p>\n\n\n\n<p>Na Fejsbuk stranici Udru\u017eenja Vasojevi\u0107a \u201eVaso\u201c objavljeno je da \u0107e u srijedu, 31. jula 2025. godine, biti odr\u017eano osve\u0161tanje temelja budu\u0107eg hrama.<\/p>\n\n\n\n<p>Kako je saop\u0161teno, ceremoniju \u0107e predvoditi mitropolit crnogorsko-primorski Joanikije, sa po\u010detkom u 18 \u010dasova, uz prisustvo sve\u0161tenstva i gra\u0111ana ovog kraja.<\/p>\n\n\n\n<p>Ovaj doga\u0111aj ozna\u010dava formalni po\u010detak izgradnje hrama, koji se, prema navodima organizatora, dugo planirao i predstavlja va\u017ean korak za lokalnu zajednicu.<\/p>\n\n\n\n<p>Iz Udru\u017eenja Vasojevi\u0107a Vaso poru\u010duju da \u0107e objekat u budu\u0107nosti imati zna\u010dajnu ulogu za stanovnike ovog kraja.<\/p>","protected":false},"excerpt":{"rendered":"<p>Na podru\u010dju Veru\u0161e, omiljenog turisti\u010dkog planinskog mjesta nadomak Podgorice, zapo\u010deta je izgradnja pravoslavne crkve koja \u0107e, kako se najavljuje, biti posve\u0107ena srpskom despotu Stefanu Lazarevi\u0107u.<\/p>","protected":false},"author":5,"featured_media":920724,"comment_status":"open","ping_status":"open","sticky":false,"template":"","format":"standard","meta":{"_acf_changed":false,"footnotes":"","jetpack_publicize_message":"","jetpack_publicize_feature_enabled":true,"jetpack_social_post_already_shared":false,"jetpack_social_options":{"image_generator_settings":{"template":"highway","default_image_id":0,"font":"","enabled":false},"version":2}},"categories":[9],"tags":[3548,1961,6487],"naslovna":[],"class_list":["post-920723","post","type-post","status-publish","format-standard","has-post-thumbnail","hentry","category-drustvo","tag-crkva","tag-mitropolit-joanikije","tag-verusa"],"acf":[],"jetpack_publicize_connections":[],"_links":{"self":[{"href":"https:\/\/gradski.me\/en\/wp-json\/wp\/v2\/posts\/920723","targetHints":{"allow":["GET"]}}],"collection":[{"href":"https:\/\/gradski.me\/en\/wp-json\/wp\/v2\/posts"}],"about":[{"href":"https:\/\/gradski.me\/en\/wp-json\/wp\/v2\/types\/post"}],"author":[{"embeddable":true,"href":"https:\/\/gradski.me\/en\/wp-json\/wp\/v2\/users\/5"}],"replies":[{"embeddable":true,"href":"https:\/\/gradski.me\/en\/wp-json\/wp\/v2\/comments?post=920723"}],"version-history":[{"count":0,"href":"https:\/\/gradski.me\/en\/wp-json\/wp\/v2\/posts\/920723\/revisions"}],"wp:featuredmedia":[{"embeddable":true,"href":"https:\/\/gradski.me\/en\/wp-json\/wp\/v2\/media\/920724"}],"wp:attachment":[{"href":"https:\/\/gradski.me\/en\/wp-json\/wp\/v2\/media?parent=920723"}],"wp:term":[{"taxonomy":"category","embeddable":true,"href":"https:\/\/gradski.me\/en\/wp-json\/wp\/v2\/categories?post=920723"},{"taxonomy":"post_tag","embeddable":true,"href":"https:\/\/gradski.me\/en\/wp-json\/wp\/v2\/tags?post=920723"},{"taxonomy":"naslovna","embeddable":true,"href":"https:\/\/gradski.me\/en\/wp-json\/wp\/v2\/naslovna?post=920723"}],"curies":[{"name":"wp","href":"https:\/\/api.w.org\/{rel}","templated":true}]}}