{"id":920535,"date":"2025-07-25T16:44:00","date_gmt":"2025-07-25T14:44:00","guid":{"rendered":"https:\/\/gradski.me\/uncategorized\/vukic-usvojen-predlog-koji-je-snp-cg-godinama-predlagala\/"},"modified":"2025-07-25T16:44:00","modified_gmt":"2025-07-25T14:44:00","slug":"vukic-usvojen-predlog-koji-je-snp-cg-godinama-predlagala","status":"publish","type":"post","link":"https:\/\/gradski.me\/en\/politika\/vukic-usvojen-predlog-koji-je-snp-cg-godinama-predlagala\/","title":{"rendered":"Vuki\u0107: Usvojen predlog koji je SNP CG godinama predlagala"},"content":{"rendered":"<p>&#8222;Za ovo zakonsko rje\u0161enje bio je potreban \u0161iroki konsenzus, i drago nam je \u0161to su opozicione partije uvidjele da smo bili u pravu kada smo predlagali ovo rje\u0161enje&#8220;, ka\u017ee se u saop\u0161tenju.<\/p>\n\n\n\n<p>Preporuka, koja, kako ka\u017ee, ina\u010de ve\u0107 godinama sti\u017ee sa me\u0111unarodnih adresa, jeste da se odredi jedan datum za odr\u017eavanje lokalnih izbora, i to u su\u0161tini odgovara svim politi\u010dkim akterima.<\/p>\n\n\n\n<p>&#8222;Me\u0111utim, kada je trebalo to rje\u0161enje implementirati u zakon, kako bi isti bio usvojen u Parlamentu, dolazilo je do odre\u0111enog \u201ezastoja\u201c. Socijalisti\u010dka narodna partija Crne Gore izra\u017eava zadovoljstvo i zahvalnost na podr\u0161ci ambasadoru EU Johanu Satleru, koji je pozdravio produ\u017eenje mandata Parlamentarnog odbora za sveobuhvatnu izbornu reformu, i pomogao da opozicione partije shvate i prihvate ovo rje\u0161enje kao dobar predlog na dobrobit svih gra\u0111ana Crne Gore&#8220;, saop\u0161tio je Dragan Vuki\u0107, funkcioner SNP CG.<\/p>\n\n\n\n<p><\/p>","protected":false},"excerpt":{"rendered":"<p>Uspjeli smo da se izborimo za zakonsko rje\u0161enje koje je Socijalisti\u010dka narodna partija Crne Gore predlagala dugi niz godina, a kojim bi se izbori organizovali u jednom danu, kako bismo rasteretili politi\u010dku scenu od stalnih tenzija i podjela u dru\u0161tvu, saop\u0161tio je Dragan Vuki\u0107, funkcioner SNP CG.<\/p>","protected":false},"author":18,"featured_media":920536,"comment_status":"open","ping_status":"open","sticky":false,"template":"","format":"standard","meta":{"_acf_changed":false,"footnotes":"","jetpack_publicize_message":"","jetpack_publicize_feature_enabled":true,"jetpack_social_post_already_shared":false,"jetpack_social_options":{"image_generator_settings":{"template":"highway","default_image_id":0,"font":"","enabled":false},"version":2}},"categories":[7],"tags":[18816,207,266],"naslovna":[],"class_list":["post-920535","post","type-post","status-publish","format-standard","has-post-thumbnail","hentry","category-politika","tag-dragan-vukic","tag-saopstenje","tag-snp"],"acf":[],"jetpack_publicize_connections":[],"_links":{"self":[{"href":"https:\/\/gradski.me\/en\/wp-json\/wp\/v2\/posts\/920535","targetHints":{"allow":["GET"]}}],"collection":[{"href":"https:\/\/gradski.me\/en\/wp-json\/wp\/v2\/posts"}],"about":[{"href":"https:\/\/gradski.me\/en\/wp-json\/wp\/v2\/types\/post"}],"author":[{"embeddable":true,"href":"https:\/\/gradski.me\/en\/wp-json\/wp\/v2\/users\/18"}],"replies":[{"embeddable":true,"href":"https:\/\/gradski.me\/en\/wp-json\/wp\/v2\/comments?post=920535"}],"version-history":[{"count":0,"href":"https:\/\/gradski.me\/en\/wp-json\/wp\/v2\/posts\/920535\/revisions"}],"wp:featuredmedia":[{"embeddable":true,"href":"https:\/\/gradski.me\/en\/wp-json\/wp\/v2\/media\/920536"}],"wp:attachment":[{"href":"https:\/\/gradski.me\/en\/wp-json\/wp\/v2\/media?parent=920535"}],"wp:term":[{"taxonomy":"category","embeddable":true,"href":"https:\/\/gradski.me\/en\/wp-json\/wp\/v2\/categories?post=920535"},{"taxonomy":"post_tag","embeddable":true,"href":"https:\/\/gradski.me\/en\/wp-json\/wp\/v2\/tags?post=920535"},{"taxonomy":"naslovna","embeddable":true,"href":"https:\/\/gradski.me\/en\/wp-json\/wp\/v2\/naslovna?post=920535"}],"curies":[{"name":"wp","href":"https:\/\/api.w.org\/{rel}","templated":true}]}}