{"id":920533,"date":"2025-07-25T15:45:00","date_gmt":"2025-07-25T13:45:00","guid":{"rendered":"https:\/\/gradski.me\/uncategorized\/usvojen-rebalans-budzeta\/"},"modified":"2025-07-25T15:45:00","modified_gmt":"2025-07-25T13:45:00","slug":"usvojen-rebalans-budzeta","status":"publish","type":"post","link":"https:\/\/gradski.me\/en\/ekonomija\/usvojen-rebalans-budzeta\/","title":{"rendered":"Usvojen rebalans bud\u017eeta"},"content":{"rendered":"<p><\/p>\n\n\n\n<p>Rebalans bud\u017eeta usvojen je glasovima 50 poslanika, a izmjene su predlo\u017eene u cilju tehni\u010dkog usagla\u0161avanja usljed dono\u0161enja i primjene nove Uredbe o organizaciji i na\u010dinu rada dr\u017eavne uprave.<\/p>\n\n\n\n<p>Predlogom zakona, primici u iznosu od 4,03 milijarde EUR raspore\u0111uju se na teku\u0107i bud\u017eet 1,5 milijardi EUR, fondove 1,3 milijarde, kapitalni bud\u017eet 280 miliona, bud\u017eetsku rezervu 43 miliona i transakcije finansiranja 890 miliona.<\/p>\n\n\n\n<p>U odnosu na prvobitni zakon, do\u0161lo je do uve\u0107anja ukupnog bud\u017eeta za svega sedam EUR, usljed potrebe otvaranja pojedinih bud\u017eetskih pozicija neophodnih za adekvatnu evidenciju izdataka.<\/p>\n\n\n\n<p>U strukturi je do\u0161lo do uve\u0107anja teku\u0107eg bud\u017eeta za 409 hiljada EUR. Za isti iznos umanjena su sredstva teku\u0107e rezerve, dok su kapitalni i bud\u017eet dr\u017eavnih fondova, kao i transakcije finansiranja, ostali nepormijenjeni.<\/p>\n\n\n\n<p>Kako je ranije saop\u0161teno, projektovani prihodi, ukupni projektovani rashodi i deficit se su\u0161tinski ne mijenjaju ovim izmjenama.<\/p>\n\n\n\n<p>Skup\u0161tina je danas usvojila i Predlog izmjene Zakona o koncesijama i Predlog izmjena i dopuna Zakona o dr\u017eavnim slu\u017ebenicima i namje\u0161tenicima.<\/p>\n\n\n\n<p>Usvojeni su i Predlog zakona o reviziji, Predlog zakona o ra\u010dunovodstvu, Predlog zakona o izdavanju pokrivenih obveznica i nadzoru pokrivenih obveznica, Predlog zakona o sanaciji investicionih dru\u0161tava, Predlog zakona o izmjeni zakona o li\u010dnoj karti, kao i Predlog izmjene zakona o za\u0161titi i spa\u0161avanju.<\/p>","protected":false},"excerpt":{"rendered":"<p>Skup\u0161tina je danas usvojila izmjene Zakona o bud\u017eetu za ovu godinu, koje su, prema rije\u010dima predlaga\u010da, tehni\u010dke prirode i ne\u0107e dovesti do promjene bud\u017eetskog rezultata.<\/p>","protected":false},"author":1,"featured_media":920534,"comment_status":"open","ping_status":"open","sticky":false,"template":"","format":"standard","meta":{"_acf_changed":false,"footnotes":"","jetpack_publicize_message":"","jetpack_publicize_feature_enabled":true,"jetpack_social_post_already_shared":false,"jetpack_social_options":{"image_generator_settings":{"template":"highway","default_image_id":0,"font":"","enabled":false},"version":2}},"categories":[8],"tags":[22174,100],"naslovna":[],"class_list":["post-920533","post","type-post","status-publish","format-standard","has-post-thumbnail","hentry","category-ekonomija","tag-rebalans-budzeta","tag-skupstina-crne-gore"],"acf":[],"jetpack_publicize_connections":[],"_links":{"self":[{"href":"https:\/\/gradski.me\/en\/wp-json\/wp\/v2\/posts\/920533","targetHints":{"allow":["GET"]}}],"collection":[{"href":"https:\/\/gradski.me\/en\/wp-json\/wp\/v2\/posts"}],"about":[{"href":"https:\/\/gradski.me\/en\/wp-json\/wp\/v2\/types\/post"}],"author":[{"embeddable":true,"href":"https:\/\/gradski.me\/en\/wp-json\/wp\/v2\/users\/1"}],"replies":[{"embeddable":true,"href":"https:\/\/gradski.me\/en\/wp-json\/wp\/v2\/comments?post=920533"}],"version-history":[{"count":0,"href":"https:\/\/gradski.me\/en\/wp-json\/wp\/v2\/posts\/920533\/revisions"}],"wp:featuredmedia":[{"embeddable":true,"href":"https:\/\/gradski.me\/en\/wp-json\/wp\/v2\/media\/920534"}],"wp:attachment":[{"href":"https:\/\/gradski.me\/en\/wp-json\/wp\/v2\/media?parent=920533"}],"wp:term":[{"taxonomy":"category","embeddable":true,"href":"https:\/\/gradski.me\/en\/wp-json\/wp\/v2\/categories?post=920533"},{"taxonomy":"post_tag","embeddable":true,"href":"https:\/\/gradski.me\/en\/wp-json\/wp\/v2\/tags?post=920533"},{"taxonomy":"naslovna","embeddable":true,"href":"https:\/\/gradski.me\/en\/wp-json\/wp\/v2\/naslovna?post=920533"}],"curies":[{"name":"wp","href":"https:\/\/api.w.org\/{rel}","templated":true}]}}