{"id":920437,"date":"2025-07-25T12:01:00","date_gmt":"2025-07-25T10:01:00","guid":{"rendered":"https:\/\/gradski.me\/uncategorized\/plesna-predstava-ajde-na-purgatorijama\/"},"modified":"2025-07-25T12:01:00","modified_gmt":"2025-07-25T10:01:00","slug":"plesna-predstava-ajde-na-purgatorijama","status":"publish","type":"post","link":"https:\/\/gradski.me\/en\/kultura\/plesna-predstava-ajde-na-purgatorijama\/","title":{"rendered":"Plesna predstava &#8222;Ajde&#8220; na Purgatorijama"},"content":{"rendered":"<p><\/p>\n\n\n\n<p>Predstava <strong><em>AJDE<\/em><\/strong> vodi publiku na emotivno i dinami\u010dno putovanje kroz bogatu muzi\u010dku i plesnu tradiciju romske zajednice. Inspirisana proslavom Ederlezija \u2013 \u0110ur\u0111evdana, najva\u017enijeg praznika u romskoj kulturi koji slavi dolazak prolje\u0107a, bu\u0111enje prirode, zajedni\u0161tvo i novi \u017eivot \u2013 predstava donosi pri\u010du o ra\u0111anju ljubavi u sredini optere\u0107enoj patrijarhalnim normama i dru\u0161tvenim ograni\u010denjima. Kroz sna\u017ean plesni izraz, vibrantan ritam i kola\u017e tradicionalne romske muzike, predstava o\u017eivljava elemente folklora i prenosi poruku o univerzalnim temama ljubavi, slobode i identiteta.<\/p>\n\n\n\n<p>Autorski tim \u010dine koreografi Igor Kirov i Bojan Micev, dramaturginja Ana Ristoska Trpenoska, dok je muzi\u010dka podloga oblikovana kao spoj autenti\u010dnih romskih melodija. Predstava je realizovana u produkciji organizacija Motion Network i Balkan Dance Project Makedonija.<\/p>\n\n\n\n<p>Na sceni nastupaju Jovana Zakova, Luka Gorgievsky, Iliana Danilov, Nina Petrushevska, Andrej Dimovski i Bojana Arsovska, \u010dije interpretacije plesa dodatno osna\u017euju emotivnu snagu ove savremene koreografske naracije.<\/p>\n\n\n\n<p>Ulaznice su dostupne putem sajta <a href=\"http:\/\/www.czktivat.me\" target=\"_blank\" rel=\"noopener\">www.czktivat.me<\/a>, na blagajni Centra za kulturu Tivat svakog radnog dana od 10 do 14 \u010dasova, kao i na blagajni Ljetnje pozornice od 19 do 22 \u010dasa. Dodatne informacije mogu se dobiti putem telefona +382 69 342 799.<\/p>","protected":false},"excerpt":{"rendered":"<p>Na Ljetnjoj pozornici u Tivtu, u subotu 26. jula s po\u010detkom u 21:30 \u010dasova, bi\u0107e izvedena plesna predstava AJDE, u okviru Festivala mediteranskog teatra Purgatorije.<\/p>","protected":false},"author":16,"featured_media":920438,"comment_status":"open","ping_status":"open","sticky":false,"template":"","format":"standard","meta":{"_acf_changed":false,"footnotes":"","jetpack_publicize_message":"","jetpack_publicize_feature_enabled":true,"jetpack_social_post_already_shared":false,"jetpack_social_options":{"image_generator_settings":{"template":"highway","default_image_id":0,"font":"","enabled":false},"version":2}},"categories":[11],"tags":[22433,862,159],"naslovna":[],"class_list":["post-920437","post","type-post","status-publish","format-standard","has-post-thumbnail","hentry","category-kultura","tag-ajde","tag-purgatorije","tag-tivat"],"acf":[],"jetpack_publicize_connections":[],"_links":{"self":[{"href":"https:\/\/gradski.me\/en\/wp-json\/wp\/v2\/posts\/920437","targetHints":{"allow":["GET"]}}],"collection":[{"href":"https:\/\/gradski.me\/en\/wp-json\/wp\/v2\/posts"}],"about":[{"href":"https:\/\/gradski.me\/en\/wp-json\/wp\/v2\/types\/post"}],"author":[{"embeddable":true,"href":"https:\/\/gradski.me\/en\/wp-json\/wp\/v2\/users\/16"}],"replies":[{"embeddable":true,"href":"https:\/\/gradski.me\/en\/wp-json\/wp\/v2\/comments?post=920437"}],"version-history":[{"count":0,"href":"https:\/\/gradski.me\/en\/wp-json\/wp\/v2\/posts\/920437\/revisions"}],"wp:featuredmedia":[{"embeddable":true,"href":"https:\/\/gradski.me\/en\/wp-json\/wp\/v2\/media\/920438"}],"wp:attachment":[{"href":"https:\/\/gradski.me\/en\/wp-json\/wp\/v2\/media?parent=920437"}],"wp:term":[{"taxonomy":"category","embeddable":true,"href":"https:\/\/gradski.me\/en\/wp-json\/wp\/v2\/categories?post=920437"},{"taxonomy":"post_tag","embeddable":true,"href":"https:\/\/gradski.me\/en\/wp-json\/wp\/v2\/tags?post=920437"},{"taxonomy":"naslovna","embeddable":true,"href":"https:\/\/gradski.me\/en\/wp-json\/wp\/v2\/naslovna?post=920437"}],"curies":[{"name":"wp","href":"https:\/\/api.w.org\/{rel}","templated":true}]}}