{"id":920373,"date":"2025-07-25T06:52:00","date_gmt":"2025-07-25T04:52:00","guid":{"rendered":"https:\/\/gradski.me\/uncategorized\/video-urusio-se-krov-skole-u-indiji-poginulo-cetvoro-djece\/"},"modified":"2025-07-25T06:52:00","modified_gmt":"2025-07-25T04:52:00","slug":"video-urusio-se-krov-skole-u-indiji-poginulo-cetvoro-djece","status":"publish","type":"post","link":"https:\/\/gradski.me\/en\/svijet\/video-urusio-se-krov-skole-u-indiji-poginulo-cetvoro-djece\/","title":{"rendered":"(VIDEO) Uru\u0161io se krov \u0161kole u Indiji, poginulo \u010detvoro djece"},"content":{"rendered":"<p>Snimci prikazuju lokalno stanovni\u0161tvo okupljeno oko mjesta uru\u0161avanja dok se dizalicom uklanjaju ru\u0161evine.<\/p>\n\n\n\n<p>Lokalni mediji javili su da su u\u010denici poha\u0111ali nastavu u dr\u017eavnoj \u0161koli u Jalavaru kada se zgrada uru\u0161ila.<\/p>\n\n\n\n<p>\u201cNadle\u017enim vlastima data su uputstva da osiguraju odgovaraju\u0107u njegu povrije\u0111enoj djeci\u201d, rekao je glavni ministar&nbsp;<strong>Rad\u017eastana Bad\u017eanlal \u0160arma<\/strong>&nbsp;u objavi na platformi X.<\/p>\n\n\n\n<p>Neka od povrije\u0111ene djece u kriti\u010dnom su stanju, rekao je lokalni policajac&nbsp;<strong>Amit Kumar<\/strong>&nbsp;novinskoj agenciji PTI, prema novinama Economic Times.<\/p>\n\n\n\n<figure class=\"wp-block-embed is-type-rich is-provider-twitter wp-block-embed-twitter\"><div class=\"wp-block-embed__wrapper\">\n<blockquote class=\"twitter-tweet\" data-width=\"550\" data-dnt=\"true\"><p lang=\"en\" dir=\"ltr\">VIDEO | Jhalawar, Rajasthan: Roof of Piplodi Primary School collapses, several children feared trapped. Rescue operations underway.<a href=\"https:\/\/twitter.com\/hashtag\/RajasthanNews?src=hash&amp;ref_src=twsrc%5Etfw\" target=\"_blank\" rel=\"noopener\">#RajasthanNews<\/a> <a href=\"https:\/\/twitter.com\/hashtag\/Jhalawar?src=hash&amp;ref_src=twsrc%5Etfw\" target=\"_blank\" rel=\"noopener\">#Jhalawar<\/a> <br><br>(Full video available on PTI Videos &#8211; <a href=\"https:\/\/t.co\/n147TvrpG7\">https:\/\/t.co\/n147TvrpG7<\/a>) <a href=\"https:\/\/t.co\/K0STKQwP0A\">pic.twitter.com\/K0STKQwP0A<\/a><\/p>&mdash; Press Trust of India (@PTI_News) <a href=\"https:\/\/twitter.com\/PTI_News\/status\/1948586779357184105?ref_src=twsrc%5Etfw\" target=\"_blank\" rel=\"noopener\">July 25, 2025<\/a><\/blockquote><script async src=\"https:\/\/platform.twitter.com\/widgets.js\" charset=\"utf-8\"><\/script>\n<\/div><\/figure>\n\n\n\n<p><\/p>","protected":false},"excerpt":{"rendered":"<p>Najmanje \u010detvoro djece je poginulo, a 17 je povrije\u0111eno u zapadnoj indijskoj saveznoj dr\u017eavi Rad\u017eastan nakon \u0161to se u petak uru\u0161io krov \u0161kole, izvjestili su lokalni mediji, a strahuje se da su desetine jo\u0161 uvijek zarobljene pod ru\u0161evinama.<\/p>","protected":false},"author":16,"featured_media":920374,"comment_status":"open","ping_status":"open","sticky":false,"template":"","format":"standard","meta":{"_acf_changed":false,"footnotes":"","jetpack_publicize_message":"","jetpack_publicize_feature_enabled":true,"jetpack_social_post_already_shared":false,"jetpack_social_options":{"image_generator_settings":{"template":"highway","default_image_id":0,"font":"","enabled":false},"version":2}},"categories":[14],"tags":[2811,22414,20238],"naslovna":[],"class_list":["post-920373","post","type-post","status-publish","format-standard","has-post-thumbnail","hentry","category-svijet","tag-indija","tag-krov","tag-skola"],"acf":[],"jetpack_publicize_connections":[],"_links":{"self":[{"href":"https:\/\/gradski.me\/en\/wp-json\/wp\/v2\/posts\/920373","targetHints":{"allow":["GET"]}}],"collection":[{"href":"https:\/\/gradski.me\/en\/wp-json\/wp\/v2\/posts"}],"about":[{"href":"https:\/\/gradski.me\/en\/wp-json\/wp\/v2\/types\/post"}],"author":[{"embeddable":true,"href":"https:\/\/gradski.me\/en\/wp-json\/wp\/v2\/users\/16"}],"replies":[{"embeddable":true,"href":"https:\/\/gradski.me\/en\/wp-json\/wp\/v2\/comments?post=920373"}],"version-history":[{"count":0,"href":"https:\/\/gradski.me\/en\/wp-json\/wp\/v2\/posts\/920373\/revisions"}],"wp:featuredmedia":[{"embeddable":true,"href":"https:\/\/gradski.me\/en\/wp-json\/wp\/v2\/media\/920374"}],"wp:attachment":[{"href":"https:\/\/gradski.me\/en\/wp-json\/wp\/v2\/media?parent=920373"}],"wp:term":[{"taxonomy":"category","embeddable":true,"href":"https:\/\/gradski.me\/en\/wp-json\/wp\/v2\/categories?post=920373"},{"taxonomy":"post_tag","embeddable":true,"href":"https:\/\/gradski.me\/en\/wp-json\/wp\/v2\/tags?post=920373"},{"taxonomy":"naslovna","embeddable":true,"href":"https:\/\/gradski.me\/en\/wp-json\/wp\/v2\/naslovna?post=920373"}],"curies":[{"name":"wp","href":"https:\/\/api.w.org\/{rel}","templated":true}]}}