{"id":920245,"date":"2025-07-24T14:23:00","date_gmt":"2025-07-24T12:23:00","guid":{"rendered":"https:\/\/gradski.me\/uncategorized\/vukovic-vladajuca-vecina-da-odustane-od-usvajanja-zakona-o-javnim-okupljanjima-kojim-se-ugrozavaju-osnovne-slobode-gradjana\/"},"modified":"2025-07-24T14:23:00","modified_gmt":"2025-07-24T12:23:00","slug":"vukovic-vladajuca-vecina-da-odustane-od-usvajanja-zakona-o-javnim-okupljanjima-kojim-se-ugrozavaju-osnovne-slobode-gradjana","status":"publish","type":"post","link":"https:\/\/gradski.me\/en\/politika\/vukovic-vladajuca-vecina-da-odustane-od-usvajanja-zakona-o-javnim-okupljanjima-kojim-se-ugrozavaju-osnovne-slobode-gradjana\/","title":{"rendered":"Vukovi\u0107: Vladaju\u0107a ve\u0107ina da odustane od usvajanja Zakona o javnim okupljanjima kojim se ugro\u017eavaju osnovne slobode gra\u0111ana"},"content":{"rendered":"<p><\/p>\n\n\n\n<p>\u201eZabrinjava nas \u0161to se predlo\u017eenim izmjenama uvode prekomjerna ograni\u010denja kada je rije\u010d o javnim okupljanjima, uklju\u010duju\u0107i zabranu okupljanja na klju\u010dnim saobra\u0107ajnicama i u blizini grani\u010dnih prelaza. Takva rje\u0161enja nijesu u skladu sa me\u0111unarodnim standardima, a posebno su u koliziji sa \u010dlanom 11. Evropske konvencije o ljudskim pravima, koji garantuje slobodu mirnog okupljanja,\u201c istakla je Vukovi\u0107.<\/p>\n\n\n\n<p>Dodala je da zabrane ovog tipa ne mogu biti opravdane isklju\u010divo saobra\u0107ajnim razlozima, te da Evropski sud za ljudska prava jasno isti\u010de da svako ograni\u010denje mora biti neophodno i proporcionalno cilju koji se \u017eeli posti\u0107i.<\/p>\n\n\n\n<p>Vukovi\u0107 je podr\u017eala stav Komesara za ljudska prava Savjeta Evrope, Majkla O\u2019Fleritija, koji je danas pozvao Skup\u0161tinu Crne Gore da ne usvaja sporni zakon i preporu\u010dio sprovo\u0111enje \u0161iroke javne rasprave sa uklju\u010denjem civilnog dru\u0161tva, kao i upu\u0107ivanje nacrta Venecijanskoj komisiji na mi\u0161ljenje.<\/p>\n\n\n\n<p>\u201eJo\u0161 jednom apelujem na kolege iz vladaju\u0107e ve\u0107ine da odustanu od usvajanja ovog zakona u sada\u0161njem obliku. Umjesto uvo\u0111enja restrikcija, na\u0161a obaveza je da ja\u010damo demokratsku kulturu, otvorenost institucija i povjerenje gra\u0111ana u sistem. A to se ne posti\u017ee zabranama, ve\u0107 dijalogom i po\u0161tovanjem osnovnih prava,\u201c zaklju\u010dila je poslanica Vukovi\u0107.<\/p>","protected":false},"excerpt":{"rendered":"<p>Potpredsjednica Gra\u0111anskog pokreta URA i poslanica u Skup\u0161tini Crne Gore Milena Vukovi\u0107, pozvala je vladaju\u0107u ve\u0107inu da jo\u0161 jednom preispita namjeru da usvoji izmjene i dopune Zakona o javnim okupljanjima i javnim priredbama, kojima bi se, kako je ocijenila, ozbiljno naru\u0161ilo jedno od temeljnih demokratskih prava \u2013 pravo na mirno okupljanje.<\/p>","protected":false},"author":1,"featured_media":920246,"comment_status":"open","ping_status":"open","sticky":false,"template":"","format":"standard","meta":{"_acf_changed":false,"footnotes":"","jetpack_publicize_message":"","jetpack_publicize_feature_enabled":true,"jetpack_social_post_already_shared":false,"jetpack_social_options":{"image_generator_settings":{"template":"highway","default_image_id":0,"font":"","enabled":false},"version":2}},"categories":[7],"tags":[91,22371,22372,22373],"naslovna":[],"class_list":["post-920245","post","type-post","status-publish","format-standard","has-post-thumbnail","hentry","category-politika","tag-milena-vukovic","tag-ugrozavanje-osnovne-slobode-gradjana","tag-vladajuca-vecina","tag-zakon-o-javnim-okupljanjima"],"acf":[],"jetpack_publicize_connections":[],"_links":{"self":[{"href":"https:\/\/gradski.me\/en\/wp-json\/wp\/v2\/posts\/920245","targetHints":{"allow":["GET"]}}],"collection":[{"href":"https:\/\/gradski.me\/en\/wp-json\/wp\/v2\/posts"}],"about":[{"href":"https:\/\/gradski.me\/en\/wp-json\/wp\/v2\/types\/post"}],"author":[{"embeddable":true,"href":"https:\/\/gradski.me\/en\/wp-json\/wp\/v2\/users\/1"}],"replies":[{"embeddable":true,"href":"https:\/\/gradski.me\/en\/wp-json\/wp\/v2\/comments?post=920245"}],"version-history":[{"count":0,"href":"https:\/\/gradski.me\/en\/wp-json\/wp\/v2\/posts\/920245\/revisions"}],"wp:featuredmedia":[{"embeddable":true,"href":"https:\/\/gradski.me\/en\/wp-json\/wp\/v2\/media\/920246"}],"wp:attachment":[{"href":"https:\/\/gradski.me\/en\/wp-json\/wp\/v2\/media?parent=920245"}],"wp:term":[{"taxonomy":"category","embeddable":true,"href":"https:\/\/gradski.me\/en\/wp-json\/wp\/v2\/categories?post=920245"},{"taxonomy":"post_tag","embeddable":true,"href":"https:\/\/gradski.me\/en\/wp-json\/wp\/v2\/tags?post=920245"},{"taxonomy":"naslovna","embeddable":true,"href":"https:\/\/gradski.me\/en\/wp-json\/wp\/v2\/naslovna?post=920245"}],"curies":[{"name":"wp","href":"https:\/\/api.w.org\/{rel}","templated":true}]}}