{"id":920164,"date":"2025-07-24T10:37:15","date_gmt":"2025-07-24T08:37:15","guid":{"rendered":"https:\/\/gradski.me\/uncategorized\/katnic-protiv-duska-roganovica-nije-bilo-dokaza-jedino-subjektivne-tvrdnje-milana-kankarasa\/"},"modified":"2025-07-24T10:37:15","modified_gmt":"2025-07-24T08:37:15","slug":"katnic-protiv-duska-roganovica-nije-bilo-dokaza-jedino-subjektivne-tvrdnje-milana-kankarasa","status":"publish","type":"post","link":"https:\/\/gradski.me\/en\/hronika\/katnic-protiv-duska-roganovica-nije-bilo-dokaza-jedino-subjektivne-tvrdnje-milana-kankarasa\/","title":{"rendered":"Katni\u0107: Protiv Du\u0161ka Roganovi\u0107a nije bilo dokaza, jedino subjektivne tvrdnje Milana Kankara\u0161a"},"content":{"rendered":"<p><\/p>\n\n\n\n<p>Su\u0111enje je nastavljeno izno\u0161enjem odbrane Milivoja Katni\u0107a. On je u nastavku svog iskaza demantovao optu\u017ebe.<\/p>\n\n\n\n<p>Katni\u0107 je ponovo ukazao sudu da tu\u017eilac Milo\u0161 \u0160o\u0161ki\u0107 skriva dokaze i poruke i zatra\u017eio da sud iste nabavi od Europola u originalu.<\/p>\n\n\n\n<p>Detaljno se osvrnuo na optu\u017ebe koje se odnose na to da su on, Sa\u0161a \u010ca\u0111enovi\u0107 i Zoran Lazovi\u0107 sprije\u010dili krivi\u010dno gonjenje Du\u0161ka Roganovi\u0107a, navodnog pripadnika kava\u010dkog klana &#8211; ogranak Herceg Novi.<\/p>\n\n\n\n<p>Katni\u0107 je istakao vi\u0161e puta da kada Specijalni istra\u017eni tim konstatovao da imaju dokaze protiv lica koja se povezuju sa Du\u0161kom Roganovi\u0107em ali ne i protiv njega, da je naredio pro\u0161irenje izvi\u0111aja. Dodao je da je na kraju sve rezultiralo optu\u017enicom protiv Du\u0161ka Roganovi\u0107a za te\u0161ka krivi\u010dna djela.<\/p>\n\n\n\n<p>Katni\u0107 je istakao da u predmetnom periodu nisu imali dokaza protiv Du\u0161ka Roganovi\u0107a, jedino iskaz Milana Kankara\u0161a koji je pred Vi\u0161im sudom izuzet u jednom od ranijih postupaka.<\/p>\n\n\n\n<p>On je ukazao da je slu\u017ebenik policije Milorad \u017di\u017ei\u0107 to potvrdio u svom svjedo\u010dkom iskazu. Katni\u0107 je pro\u010ditao iskaze \u017di\u017ei\u0107a sudu. \u017di\u017ei\u0107 je, kako je pro\u010ditano, naveo da Milan Kankara\u0161 nije u svojim iskazima dao konkretne dokaze protiv Du\u0161ka Roganovi\u0107a i da je naveo subjetivne tvrdnje i opa\u017eanja.&nbsp;<\/p>\n\n\n\n<p>Katni\u0107 je pred sudom pro\u010ditao i dio poruka za koje tako\u0111e tvrdi da ih je sada postupaju\u0107i tu\u017eilac sakrio&nbsp; a koje, kako je naveo, govore o tome da je Du\u0161ko Roganovi\u0107 o\u010dekivao pretres stana i prostorija i da je sve bio sklonio.<\/p>\n\n\n\n<p>&#8211; Tu\u017eilac, a \u0161ta sam i ranije ukazao, ima na stotine poruka protiv Du\u0161ka Roganovi\u0107a i kava\u010dkog klana ali ih skriva kako bi nas la\u017eno optu\u017eio. Ja sam ih morao saop\u0161titi, ni\u0161ta li\u010dno. Morao sam kako bih za\u0161titio obraz &#8211; naglasio je Katni\u0107 pred sudom i dodao da je tu\u017eilac ugrozio njegov i \u017eivot njegove porodice.<\/p>\n\n\n\n<p>Podsje\u0107amo, Specijalno dr\u017eavno tu\u017eila\u0161tvo sumnji\u010di Lazovi\u0107a i Katni\u0107a za u\u010de\u0161\u0107e i stvaranje kriminalne organizacije i zloupotrebu slu\u017ebenog polo\u017eaja.<\/p>\n\n\n\n<p>Tu\u017eila\u0161tvo tereti Lazovi\u0107a da je formirao kriminalnu organizaciju, \u010diji su \u010dlanovi, osim Katni\u0107a, postali i specijalni tu\u017eilac Sa\u0161a \u010ca\u0111enovi\u0107.<\/p>\n\n\n\n<p>Podsje\u0107amo, \u010ca\u0111enovi\u0107 je pred SDT-om&nbsp; negirao veze sa kava\u010dkim klanom. On je ukazao da posao tu\u017eioca obavlja 20 godina u skladu sa zakonom i ovla\u0161\u0107enjima. I Lazovi\u0107 i Katni\u0107 su vi\u0161e puta negirali optu\u017ebe.<\/p>\n\n\n\n<p>Uskoro op\u0161irnije&nbsp;&#8230;<\/p>\n\n\n\n<p><\/p>","protected":false},"excerpt":{"rendered":"<p>Pred podgori\u010dkim Vi\u0161im sudom nastavljeno je su\u0111enje biv\u0161em funkcioneru Uprave policije Zoranu Lazovi\u0107u, biv\u0161em glavnom specijalnom tu\u017eiocu Milivoju Katni\u0107u i specijalnom tu\u017eiocu Sa\u0161i \u010ca\u0111enovi\u0107u.<\/p>","protected":false},"author":16,"featured_media":920165,"comment_status":"open","ping_status":"open","sticky":false,"template":"","format":"standard","meta":{"_acf_changed":false,"footnotes":"","jetpack_publicize_message":"","jetpack_publicize_feature_enabled":true,"jetpack_social_post_already_shared":false,"jetpack_social_options":{"image_generator_settings":{"template":"highway","default_image_id":0,"font":"","enabled":false},"version":2}},"categories":[10],"tags":[22349,22350],"naslovna":[],"class_list":["post-920164","post","type-post","status-publish","format-standard","has-post-thumbnail","hentry","category-hronika","tag-dusko-roganovic","tag-milivoj-katnic"],"acf":[],"jetpack_publicize_connections":[],"_links":{"self":[{"href":"https:\/\/gradski.me\/en\/wp-json\/wp\/v2\/posts\/920164","targetHints":{"allow":["GET"]}}],"collection":[{"href":"https:\/\/gradski.me\/en\/wp-json\/wp\/v2\/posts"}],"about":[{"href":"https:\/\/gradski.me\/en\/wp-json\/wp\/v2\/types\/post"}],"author":[{"embeddable":true,"href":"https:\/\/gradski.me\/en\/wp-json\/wp\/v2\/users\/16"}],"replies":[{"embeddable":true,"href":"https:\/\/gradski.me\/en\/wp-json\/wp\/v2\/comments?post=920164"}],"version-history":[{"count":0,"href":"https:\/\/gradski.me\/en\/wp-json\/wp\/v2\/posts\/920164\/revisions"}],"wp:featuredmedia":[{"embeddable":true,"href":"https:\/\/gradski.me\/en\/wp-json\/wp\/v2\/media\/920165"}],"wp:attachment":[{"href":"https:\/\/gradski.me\/en\/wp-json\/wp\/v2\/media?parent=920164"}],"wp:term":[{"taxonomy":"category","embeddable":true,"href":"https:\/\/gradski.me\/en\/wp-json\/wp\/v2\/categories?post=920164"},{"taxonomy":"post_tag","embeddable":true,"href":"https:\/\/gradski.me\/en\/wp-json\/wp\/v2\/tags?post=920164"},{"taxonomy":"naslovna","embeddable":true,"href":"https:\/\/gradski.me\/en\/wp-json\/wp\/v2\/naslovna?post=920164"}],"curies":[{"name":"wp","href":"https:\/\/api.w.org\/{rel}","templated":true}]}}