{"id":920118,"date":"2025-07-24T15:00:00","date_gmt":"2025-07-24T13:00:00","guid":{"rendered":"https:\/\/gradski.me\/uncategorized\/crveni-krst-herceg-novi-poceo-prikupljanje-skolskog-pribora\/"},"modified":"2025-07-24T15:00:00","modified_gmt":"2025-07-24T13:00:00","slug":"crveni-krst-herceg-novi-poceo-prikupljanje-skolskog-pribora","status":"publish","type":"post","link":"https:\/\/gradski.me\/en\/drustvo\/crveni-krst-herceg-novi-poceo-prikupljanje-skolskog-pribora\/","title":{"rendered":"Crveni krst Herceg Novi po\u010deo prikupljanje \u0161kolskog pribora"},"content":{"rendered":"<p> Iz Crvenog krtsa Herceg Novi nastavljaju i ove godine akciju prikupljanja \u0161kolskog pribora kako bi djeci, roditeljima i starateljima iz socijalno ugro\u017eenih porodica olak\u0161ali i uljep\u0161ali polazak u \u0161kolu.<\/p>\n\n\n\n<p>Akcija prikupljanja \u0161kolskog pribora traje do 25. avgusta i mogu se donirati: sveske, olovke, flomasteri, bojice, pernice, \u0111a\u010dke torbe, blokovi za crtanje.<\/p>","protected":false},"excerpt":{"rendered":"<p>Akcija prikupljanja \u0161kolskog pribora traje do 25. avgusta i mogu se donirati: sveske, olovke, flomasteri, bojice, pernice, \u0111a\u010dke torbe, blokovi za crtanje.<\/p>","protected":false},"author":4,"featured_media":920119,"comment_status":"open","ping_status":"open","sticky":false,"template":"","format":"standard","meta":{"_acf_changed":false,"footnotes":"","jetpack_publicize_message":"","jetpack_publicize_feature_enabled":true,"jetpack_social_post_already_shared":false,"jetpack_social_options":{"image_generator_settings":{"template":"highway","default_image_id":0,"font":"","enabled":false},"version":2}},"categories":[9],"tags":[1532,22335,4394],"naslovna":[],"class_list":["post-920118","post","type-post","status-publish","format-standard","has-post-thumbnail","hentry","category-drustvo","tag-akcija","tag-crveni-krst-herceg-novi","tag-skolski-pribor"],"acf":[],"jetpack_publicize_connections":[],"_links":{"self":[{"href":"https:\/\/gradski.me\/en\/wp-json\/wp\/v2\/posts\/920118","targetHints":{"allow":["GET"]}}],"collection":[{"href":"https:\/\/gradski.me\/en\/wp-json\/wp\/v2\/posts"}],"about":[{"href":"https:\/\/gradski.me\/en\/wp-json\/wp\/v2\/types\/post"}],"author":[{"embeddable":true,"href":"https:\/\/gradski.me\/en\/wp-json\/wp\/v2\/users\/4"}],"replies":[{"embeddable":true,"href":"https:\/\/gradski.me\/en\/wp-json\/wp\/v2\/comments?post=920118"}],"version-history":[{"count":0,"href":"https:\/\/gradski.me\/en\/wp-json\/wp\/v2\/posts\/920118\/revisions"}],"wp:featuredmedia":[{"embeddable":true,"href":"https:\/\/gradski.me\/en\/wp-json\/wp\/v2\/media\/920119"}],"wp:attachment":[{"href":"https:\/\/gradski.me\/en\/wp-json\/wp\/v2\/media?parent=920118"}],"wp:term":[{"taxonomy":"category","embeddable":true,"href":"https:\/\/gradski.me\/en\/wp-json\/wp\/v2\/categories?post=920118"},{"taxonomy":"post_tag","embeddable":true,"href":"https:\/\/gradski.me\/en\/wp-json\/wp\/v2\/tags?post=920118"},{"taxonomy":"naslovna","embeddable":true,"href":"https:\/\/gradski.me\/en\/wp-json\/wp\/v2\/naslovna?post=920118"}],"curies":[{"name":"wp","href":"https:\/\/api.w.org\/{rel}","templated":true}]}}