{"id":919933,"date":"2025-07-23T15:57:00","date_gmt":"2025-07-23T13:57:00","guid":{"rendered":"https:\/\/gradski.me\/uncategorized\/jakic-nevidio-opremljen-infrastrukturom-dostojnom-njegove-ljepote\/"},"modified":"2025-07-23T15:57:00","modified_gmt":"2025-07-23T13:57:00","slug":"jakic-nevidio-opremljen-infrastrukturom-dostojnom-njegove-ljepote","status":"publish","type":"post","link":"https:\/\/gradski.me\/en\/drustvo\/jakic-nevidio-opremljen-infrastrukturom-dostojnom-njegove-ljepote\/","title":{"rendered":"Jaki\u0107: Nevidio opremljen infrastrukturom dostojnom njegove ljepote"},"content":{"rendered":"<p><\/p>\n\n\n\n<p><\/p>\n\n\n\n<p>Kako je napisao, radovi na izgradnji platoa Nevidio koji je otvoren ju\u010de iznosili su preko 500.000 eura.<\/p>\n\n\n\n<p>\u201cOvaj dragulj prirode sada je opremljen infrastrukturom dostojnom njegove ljepote\u201d, istakao je Jaki\u0107.<\/p>\n\n\n\n<p>Predsjednik Op\u0161tine \u0160avnik zahvalio je Ministarstvu javne uprave na pomo\u0107i prilikom realizacije projekta koji je od velikog zna\u010daja kako za \u0160avnik, tako i za cijelu Crnu Goru.<\/p>","protected":false},"excerpt":{"rendered":"<p>Predsjednik Op\u0161tine \u0160avnik\u00a0Jugoslav Jaki\u0107\u00a0objavio je na dru\u0161tvenoj mre\u017ei \u201cX\u201d da je kanjon Nevidio sada opremljen infrastrukturom dostojnom njegove ljepote.<\/p>","protected":false},"author":8,"featured_media":919934,"comment_status":"open","ping_status":"open","sticky":false,"template":"","format":"standard","meta":{"_acf_changed":false,"footnotes":"","jetpack_publicize_message":"","jetpack_publicize_feature_enabled":true,"jetpack_social_post_already_shared":false,"jetpack_social_options":{"image_generator_settings":{"template":"highway","default_image_id":0,"font":"","enabled":false},"version":2}},"categories":[9],"tags":[4058,260],"naslovna":[],"class_list":["post-919933","post","type-post","status-publish","format-standard","has-post-thumbnail","hentry","category-drustvo","tag-jakic-2","tag-savnik"],"acf":[],"jetpack_publicize_connections":[],"_links":{"self":[{"href":"https:\/\/gradski.me\/en\/wp-json\/wp\/v2\/posts\/919933","targetHints":{"allow":["GET"]}}],"collection":[{"href":"https:\/\/gradski.me\/en\/wp-json\/wp\/v2\/posts"}],"about":[{"href":"https:\/\/gradski.me\/en\/wp-json\/wp\/v2\/types\/post"}],"author":[{"embeddable":true,"href":"https:\/\/gradski.me\/en\/wp-json\/wp\/v2\/users\/8"}],"replies":[{"embeddable":true,"href":"https:\/\/gradski.me\/en\/wp-json\/wp\/v2\/comments?post=919933"}],"version-history":[{"count":0,"href":"https:\/\/gradski.me\/en\/wp-json\/wp\/v2\/posts\/919933\/revisions"}],"wp:featuredmedia":[{"embeddable":true,"href":"https:\/\/gradski.me\/en\/wp-json\/wp\/v2\/media\/919934"}],"wp:attachment":[{"href":"https:\/\/gradski.me\/en\/wp-json\/wp\/v2\/media?parent=919933"}],"wp:term":[{"taxonomy":"category","embeddable":true,"href":"https:\/\/gradski.me\/en\/wp-json\/wp\/v2\/categories?post=919933"},{"taxonomy":"post_tag","embeddable":true,"href":"https:\/\/gradski.me\/en\/wp-json\/wp\/v2\/tags?post=919933"},{"taxonomy":"naslovna","embeddable":true,"href":"https:\/\/gradski.me\/en\/wp-json\/wp\/v2\/naslovna?post=919933"}],"curies":[{"name":"wp","href":"https:\/\/api.w.org\/{rel}","templated":true}]}}