{"id":919551,"date":"2025-07-21T20:54:00","date_gmt":"2025-07-21T18:54:00","guid":{"rendered":"https:\/\/gradski.me\/uncategorized\/reis-fejzic-se-sastao-sa-predsjednikom-velike-narodne-skupstine-republike-turske\/"},"modified":"2025-07-21T20:54:00","modified_gmt":"2025-07-21T18:54:00","slug":"reis-fejzic-se-sastao-sa-predsjednikom-velike-narodne-skupstine-republike-turske","status":"publish","type":"post","link":"https:\/\/gradski.me\/en\/politika\/reis-fejzic-se-sastao-sa-predsjednikom-velike-narodne-skupstine-republike-turske\/","title":{"rendered":"Reis Fejzi\u0107 se sastao sa predsjednikom Velike narodne skup\u0161tine Republike Turske"},"content":{"rendered":"<p><\/p>\n\n\n\n<p>Tom prilikom reis je, kako je istakao u objavi na mre\u017ei \u201cX\u201d upoznao predsjednika sa stanjem u Crnoj Gori, a posebno sa stanjem muslimana i Islamske zajednice.<\/p>\n\n\n\n<figure class=\"wp-block-image size-large\"><img decoding=\"async\" src=\"https:\/\/rtvpg.me\/wp-content\/uploads\/2025\/07\/002-662x1024.jpg\" alt=\"\" class=\"wp-image-797604\" title=\"\"><\/figure>","protected":false},"excerpt":{"rendered":"<p>Tokom boravka u posjeti Republici Turskoj, reis Rifat ef. Fejzi\u0107 se sastao sa Predsjednikom Velike narodne skup\u0161tine Republike Turske Numan Kurtulu\u0161om.<\/p>","protected":false},"author":1,"featured_media":919552,"comment_status":"open","ping_status":"open","sticky":false,"template":"","format":"standard","meta":{"_acf_changed":false,"footnotes":"","jetpack_publicize_message":"","jetpack_publicize_feature_enabled":true,"jetpack_social_post_already_shared":false,"jetpack_social_options":{"image_generator_settings":{"template":"highway","default_image_id":0,"font":"","enabled":false},"version":2}},"categories":[7],"tags":[22116,22102,22117],"naslovna":[],"class_list":["post-919551","post","type-post","status-publish","format-standard","has-post-thumbnail","hentry","category-politika","tag-predsjednik-velike-narodne-skupstine","tag-reis-fejzic","tag-repulika-turska"],"acf":[],"jetpack_publicize_connections":[],"_links":{"self":[{"href":"https:\/\/gradski.me\/en\/wp-json\/wp\/v2\/posts\/919551","targetHints":{"allow":["GET"]}}],"collection":[{"href":"https:\/\/gradski.me\/en\/wp-json\/wp\/v2\/posts"}],"about":[{"href":"https:\/\/gradski.me\/en\/wp-json\/wp\/v2\/types\/post"}],"author":[{"embeddable":true,"href":"https:\/\/gradski.me\/en\/wp-json\/wp\/v2\/users\/1"}],"replies":[{"embeddable":true,"href":"https:\/\/gradski.me\/en\/wp-json\/wp\/v2\/comments?post=919551"}],"version-history":[{"count":0,"href":"https:\/\/gradski.me\/en\/wp-json\/wp\/v2\/posts\/919551\/revisions"}],"wp:featuredmedia":[{"embeddable":true,"href":"https:\/\/gradski.me\/en\/wp-json\/wp\/v2\/media\/919552"}],"wp:attachment":[{"href":"https:\/\/gradski.me\/en\/wp-json\/wp\/v2\/media?parent=919551"}],"wp:term":[{"taxonomy":"category","embeddable":true,"href":"https:\/\/gradski.me\/en\/wp-json\/wp\/v2\/categories?post=919551"},{"taxonomy":"post_tag","embeddable":true,"href":"https:\/\/gradski.me\/en\/wp-json\/wp\/v2\/tags?post=919551"},{"taxonomy":"naslovna","embeddable":true,"href":"https:\/\/gradski.me\/en\/wp-json\/wp\/v2\/naslovna?post=919551"}],"curies":[{"name":"wp","href":"https:\/\/api.w.org\/{rel}","templated":true}]}}