{"id":919549,"date":"2025-07-21T20:41:00","date_gmt":"2025-07-21T18:41:00","guid":{"rendered":"https:\/\/gradski.me\/uncategorized\/zbog-ekstremne-vrucine-deformisana-pruga-u-rs-u-vozovi-moraju-smanjiti-brzinu-pa-dolazi-do-kasnjenja\/"},"modified":"2025-07-21T20:41:00","modified_gmt":"2025-07-21T18:41:00","slug":"zbog-ekstremne-vrucine-deformisana-pruga-u-rs-u-vozovi-moraju-smanjiti-brzinu-pa-dolazi-do-kasnjenja","status":"publish","type":"post","link":"https:\/\/gradski.me\/en\/region\/zbog-ekstremne-vrucine-deformisana-pruga-u-rs-u-vozovi-moraju-smanjiti-brzinu-pa-dolazi-do-kasnjenja\/","title":{"rendered":"Zbog ekstremne vru\u0107ine deformisana pruga u RS-u: Vozovi moraju smanjiti brzinu pa dolazi do ka\u0161njenja"},"content":{"rendered":"<p><\/p>\n\n\n\n<p>Ove informacije su saop\u0161tene iz \u017deljeznica Republike Srpske.<\/p>\n\n\n\n<p>Iz ove kompanije navode da je nakon saniranja kolosijeka na dijelu pruge \u010celinac \u2013 Vrbanja ponovo uspostavljen \u017eeljezni\u010dki saobra\u0107aj na relaciji Banja Luka &#8211; \u010celinac, ali je smanjena brzina kretanja vozova, \u0161to \u0107e na snazi biti do stvaranja neophodnih uslova i stabilizacije vremena.<\/p>\n\n\n\n<p>&#8222;Sve nadle\u017ene slu\u017ebe \u017deljeznica RS-a za odr\u017eavanje pruga su na terenu i preduzimaju neophodne radove, na \u0161to br\u017eem saniranju posljedica deformiteta kolosijeka&#8220;, navodi se u saop\u0161tenju.<\/p>","protected":false},"excerpt":{"rendered":"<p>\u017deljezni\u010dki saobra\u0107aj od poslijepodne je u privremenim prekidima na relacijama Banja Luka &#8211; Prijedor i Doboj &#8211; Petrovo Novo usljed deformacija kolosijeka zbog ekstremne vru\u0107ine.<\/p>","protected":false},"author":1,"featured_media":919550,"comment_status":"open","ping_status":"open","sticky":false,"template":"","format":"standard","meta":{"_acf_changed":false,"footnotes":"","jetpack_publicize_message":"","jetpack_publicize_feature_enabled":true,"jetpack_social_post_already_shared":false,"jetpack_social_options":{"image_generator_settings":{"template":"highway","default_image_id":0,"font":"","enabled":false},"version":2}},"categories":[13],"tags":[22111,22112,22113,1355,22114,3346],"naslovna":[],"class_list":["post-919549","post","type-post","status-publish","format-standard","has-post-thumbnail","hentry","category-region","tag-deformisana-pruga","tag-ekstremna-vrucina","tag-kasnjenja","tag-rs","tag-smanjenje-brzine","tag-vozovi"],"acf":[],"jetpack_publicize_connections":[],"_links":{"self":[{"href":"https:\/\/gradski.me\/en\/wp-json\/wp\/v2\/posts\/919549","targetHints":{"allow":["GET"]}}],"collection":[{"href":"https:\/\/gradski.me\/en\/wp-json\/wp\/v2\/posts"}],"about":[{"href":"https:\/\/gradski.me\/en\/wp-json\/wp\/v2\/types\/post"}],"author":[{"embeddable":true,"href":"https:\/\/gradski.me\/en\/wp-json\/wp\/v2\/users\/1"}],"replies":[{"embeddable":true,"href":"https:\/\/gradski.me\/en\/wp-json\/wp\/v2\/comments?post=919549"}],"version-history":[{"count":0,"href":"https:\/\/gradski.me\/en\/wp-json\/wp\/v2\/posts\/919549\/revisions"}],"wp:featuredmedia":[{"embeddable":true,"href":"https:\/\/gradski.me\/en\/wp-json\/wp\/v2\/media\/919550"}],"wp:attachment":[{"href":"https:\/\/gradski.me\/en\/wp-json\/wp\/v2\/media?parent=919549"}],"wp:term":[{"taxonomy":"category","embeddable":true,"href":"https:\/\/gradski.me\/en\/wp-json\/wp\/v2\/categories?post=919549"},{"taxonomy":"post_tag","embeddable":true,"href":"https:\/\/gradski.me\/en\/wp-json\/wp\/v2\/tags?post=919549"},{"taxonomy":"naslovna","embeddable":true,"href":"https:\/\/gradski.me\/en\/wp-json\/wp\/v2\/naslovna?post=919549"}],"curies":[{"name":"wp","href":"https:\/\/api.w.org\/{rel}","templated":true}]}}