{"id":919529,"date":"2025-07-21T19:36:00","date_gmt":"2025-07-21T17:36:00","guid":{"rendered":"https:\/\/gradski.me\/uncategorized\/reis-fejzic-se-u-ankari-sastao-sa-direktorom-tika-e-abdulahom-erenom\/"},"modified":"2025-07-21T19:36:00","modified_gmt":"2025-07-21T17:36:00","slug":"reis-fejzic-se-u-ankari-sastao-sa-direktorom-tika-e-abdulahom-erenom","status":"publish","type":"post","link":"https:\/\/gradski.me\/en\/drustvo\/reis-fejzic-se-u-ankari-sastao-sa-direktorom-tika-e-abdulahom-erenom\/","title":{"rendered":"Reis Fejzi\u0107 se u Ankari sastao sa direktorom TIKA-e Abdulahom Erenom"},"content":{"rendered":"<p>Tom prilikom, reis Fejzi\u0107 je izrazio zadovoljstvo \u0161to je imao priliku da li\u010dno \u010destita Erenu na imenovanju i po\u017eeli mu uspje\u0161an mandat na \u010delu ove va\u017ene turske institucije.<\/p>\n\n\n\n<p>\u201c\u010cast mi je da u Ankari posjetim prijatelja, novoimenovanog prvog \u010dovjeka TIKA-e gospodina Abdullaha Erena. Neka je sre\u0107no i beri\u0107etno.\u201d, poru\u010dio je reis Fejzi\u0107 putem mre\u017ee X<\/p>\n\n\n\n<p>Tokom susreta razgovarano je o dosada\u0161njoj saradnji izme\u0111u TIKA-e i Islamske zajednice u Crnoj Gori, kao i o mogu\u0107nostima za nove zajedni\u010dke projekte u oblastima obrazovanja, kulture i humanitarnog djelovanja.<\/p>\n\n\n\n<p>TIKA je dugi niz godina prisutna u Crnoj Gori, gdje je realizovala brojne projekte od zna\u010daja za vjerske i kulturne institucije, posebno kroz obnovu vakufske imovine i podr\u0161ku obrazovnim ustanovama Islamske zajednice.<\/p>\n\n\n\n<p>Sastanak je protekao u prijateljskoj i bratskoj atmosferi, potvr\u0111uju\u0107i sna\u017ene veze izme\u0111u naroda Crne Gore i Turske, kao i zajedni\u010dki interes za produbljivanje saradnje na svim nivoima.<\/p>\n\n\n\n<p><\/p>","protected":false},"excerpt":{"rendered":"<p>Reis Islamske zajednice u Crnoj Gori, Rifat ef. Fejzi\u0107, boravi u posjeti Republici Turskoj, gdje se danas u Ankari sastao sa novoimenovanim direktorom Turske agencije za saradnju i koordinaciju (TIKA), Abdullahom Erenom.<\/p>","protected":false},"author":16,"featured_media":919530,"comment_status":"open","ping_status":"open","sticky":false,"template":"","format":"standard","meta":{"_acf_changed":false,"footnotes":"","jetpack_publicize_message":"","jetpack_publicize_feature_enabled":true,"jetpack_social_post_already_shared":false,"jetpack_social_options":{"image_generator_settings":{"template":"highway","default_image_id":0,"font":"","enabled":false},"version":2}},"categories":[9],"tags":[22101,22102,5932],"naslovna":[],"class_list":["post-919529","post","type-post","status-publish","format-standard","has-post-thumbnail","hentry","category-drustvo","tag-abdulah-eren","tag-reis-fejzic","tag-tika"],"acf":[],"jetpack_publicize_connections":[],"_links":{"self":[{"href":"https:\/\/gradski.me\/en\/wp-json\/wp\/v2\/posts\/919529","targetHints":{"allow":["GET"]}}],"collection":[{"href":"https:\/\/gradski.me\/en\/wp-json\/wp\/v2\/posts"}],"about":[{"href":"https:\/\/gradski.me\/en\/wp-json\/wp\/v2\/types\/post"}],"author":[{"embeddable":true,"href":"https:\/\/gradski.me\/en\/wp-json\/wp\/v2\/users\/16"}],"replies":[{"embeddable":true,"href":"https:\/\/gradski.me\/en\/wp-json\/wp\/v2\/comments?post=919529"}],"version-history":[{"count":0,"href":"https:\/\/gradski.me\/en\/wp-json\/wp\/v2\/posts\/919529\/revisions"}],"wp:featuredmedia":[{"embeddable":true,"href":"https:\/\/gradski.me\/en\/wp-json\/wp\/v2\/media\/919530"}],"wp:attachment":[{"href":"https:\/\/gradski.me\/en\/wp-json\/wp\/v2\/media?parent=919529"}],"wp:term":[{"taxonomy":"category","embeddable":true,"href":"https:\/\/gradski.me\/en\/wp-json\/wp\/v2\/categories?post=919529"},{"taxonomy":"post_tag","embeddable":true,"href":"https:\/\/gradski.me\/en\/wp-json\/wp\/v2\/tags?post=919529"},{"taxonomy":"naslovna","embeddable":true,"href":"https:\/\/gradski.me\/en\/wp-json\/wp\/v2\/naslovna?post=919529"}],"curies":[{"name":"wp","href":"https:\/\/api.w.org\/{rel}","templated":true}]}}