{"id":919467,"date":"2025-07-21T14:08:00","date_gmt":"2025-07-21T12:08:00","guid":{"rendered":"https:\/\/gradski.me\/uncategorized\/radovic-sa-clanom-izvrsnog-odbora-deutsche-bundesbank-jacanje-saradnje-u-susret-clanstvu-u-escb\/"},"modified":"2025-07-21T14:08:00","modified_gmt":"2025-07-21T12:08:00","slug":"radovic-sa-clanom-izvrsnog-odbora-deutsche-bundesbank-jacanje-saradnje-u-susret-clanstvu-u-escb","status":"publish","type":"post","link":"https:\/\/gradski.me\/en\/ekonomija\/radovic-sa-clanom-izvrsnog-odbora-deutsche-bundesbank-jacanje-saradnje-u-susret-clanstvu-u-escb\/","title":{"rendered":"Radovi\u0107 sa \u010dlanom Izvr\u0161nog odbora Deutsche Bundesbank: Ja\u010danje saradnje u susret \u010dlanstvu u ESCB"},"content":{"rendered":"<p><\/p>\n\n\n\n<p>\u010clan Izvr\u0161nog odbora Centralne banke Njema\u010dke (Deutsche Bundesbank) Burkhart Balc boravio je danas u zvani\u010dnoj posjeti Centralnoj banci Crne Gore, gdje se sastao sa guvernerkom dr Irenom Radovi\u0107 i njenim timom, saop\u0161teno je iz CBCG.<\/p>\n\n\n\n<p>Tokom sastanka, kako dodaju,&nbsp;razmatrani su pravci daljeg produbljivanja bilateralne saradnje, sa posebnim akcentom na ja\u010danje institucionalnih i regulatornih kapaciteta CBCG u kontekstu evropskih integracija i uskla\u0111ivanja sa standardima Evropskog sistema centralnih banaka (ESCB).<\/p>\n\n\n\n<p>Guvernerka Radovi\u0107 je istakla da je evropska agenda visoko na listi prioriteta CBCG, te da ova institucija sprovodi intenzivne aktivnosti u cilju harmonizacije regulatornog okvira i praksi sa pravnom tekovinom Evropske unije.<\/p>\n\n\n\n<p><a href=\"https:\/\/dan.co.me\/vijesti\/ekonomija\/radovic-na-sastanku-konstituence-mmf-a-i-svjetske-banke-jacanje-regionalne-saradnje-vazan-preduslov-za-izgradnju-odrzivijih-ekonomija-5305124\" target=\"_blank\" rel=\"noopener\"><\/a><\/p>\n\n\n\n<p><a href=\"https:\/\/dan.co.me\/vijesti\/ekonomija\/radovic-na-sastanku-konstituence-mmf-a-i-svjetske-banke-jacanje-regionalne-saradnje-vazan-preduslov-za-izgradnju-odrzivijih-ekonomija-5305124\" target=\"_blank\" rel=\"noopener\"><\/a><\/p>\n\n\n\n<p>&#8211; Na\u0161a strate\u0161ka opredjeljenost za evropske reforme nije deklarativna, ve\u0107 duboko su\u0161tinska. U proteklih devetnaest mjeseci, Centralna banka je ostvarila konkretne i mjerljive rezultate u sprovo\u0111enju evropske agende \u2013 od doprinosa u devet pregovara\u010dkih poglavlja, preko uspje\u0161ne integracije u Jedinstveno podru\u010dje pla\u0107anja u eurima (SEPA) tokom 2024. godine i intenzivnih priprema za pristupanje TIPS sistemu, do odlu\u010dne primjene mjera u borbi protiv pranja novca i finansiranja terorizma \u2013 \u010dime smo zavrijedili sna\u017enu podr\u0161ku na\u0161ih evropskih i me\u0111unarodnih partnera &#8211;&nbsp;kazala je guvernerka Radovi\u0107.<\/p>\n\n\n\n<p>Ona je dodala da je dugogodi\u0161nja stru\u010dna i tehni\u010dka podr\u0161ka Bundesbanke od izuzetnog zna\u010daja za sna\u017eenje regulatornih i operativnih kapaciteta CBCG.<\/p>\n\n\n\n<p>U tom kontekstu, kako navode, posebno je istaknut zna\u010daj nastavka saradnje kroz najavljenu tre\u0107u fazu regionalnog IPA projekta usmjerenog na ja\u010danje kapaciteta centralnih banaka Zapadnog Balkana, kojim koordinira Bundesbanka.<\/p>\n\n\n\n<p>Tako\u0111e je istaknuta va\u017enost novog tvining projekta Podr\u0161ka regulaciji finansijskih usluga u Crnoj Gori, koji po\u010dinje od septembra ove godine, u okviru koga \u0107e Bundesbanka biti jedan od klju\u010dnih partnera.<\/p>\n\n\n\n<p>&#8211; Ovaj projekat ima za cilj dalje uskla\u0111ivanje regulatornog okvira sa pravnom tekovinom EU u oblastima bankarske supervizije, sanacije kreditnih institucija i platnih sistema. Kako je ocijenjeno, CBCG je ve\u0107 ostvarila visok stepen uskla\u0111enosti sa va\u017ee\u0107im EU propisima, dok \u0107e se kroz ovaj projekat obezbijediti pravovremeno prilago\u0111avanje novim evropskim direktivama i standardima &#8211; dodaje se.<\/p>\n\n\n\n<p>Gospodin Balc pozdravio je reformske napore koje CBCG preduzima i naglasio zna\u010daj kontinuiranog ja\u010danja regulatornih i institucionalnih kapaciteta, otvorenosti za regionalnu i me\u0111unarodnu saradnju i nezavisnosti institucije, isti\u010du\u0107i da je \u201enezavisnost Centralne banke prepoznata kao temelj stabilnog finansijskog sistema i preduslov odr\u017eivog ekonomskog rasta, posebno u kontekstu evropskih integracija\u201c. On je naglasio da regionalni programi podr\u0161ke i razmjene stru\u010dnog znanja predstavljaju efikasan mehanizam za uskla\u0111ivanje sa evropskim standardima i najboljim praksama ESCB-a.<\/p>\n\n\n\n<p>Isti\u010du\u0107i da dugogodi\u0161nja bilateralna saradnja CBCG i Bundesbanke predstavlja primjer uspje\u0161nog partnerstva zasnovanog na povjerenju i zajedni\u010dkim evropskim ciljevima, guvernerka Radovi\u0107 i gospodin Balc dogovorili su nastavak strate\u0161kog dijaloga i produbljivanje saradnje, sa posebnim fokusom na razmjenu ekspertize u oblastima centralnog bankarstva, platnih infrastruktura i finansijske stabilnosti.<\/p>\n\n\n\n<p>Sastanak je zaklju\u010den zajedni\u010dkom ocjenom da program podr\u0161ke Evropske unije za ja\u010danje kapaciteta centralnih banaka u regionu, koji se sprovodi pod vo\u0111stvom Bundesbanke i uz podr\u0161ku Eurosistema, predstavlja va\u017ean okvir za dalje osna\u017eivanje institucija. Tako\u0111e je istaknuta otvorenost za pro\u0161irenje saradnje i u drugim temama od zajedni\u010dkog zna\u010daja.<\/p>\n\n\n\n<p>Dana\u0161nji susret uslijedio je nakon decembarske posjete guvernerke Radovi\u0107 Deutsche Bundesbank, realizovane na poziv predsjednika Joakima Nagela, zaklju\u010duje se.<\/p>","protected":false},"excerpt":{"rendered":"<p>Evropska agenda visoko na listi prioriteta CBCG, kazala je guvernerka Irena Radovi\u0107 i dodala da ova institucija sprovodi intenzivne aktivnosti u cilju harmonizacije regulatornog okvira i praksi sa pravnom tekovinom Evropske unije.<\/p>","protected":false},"author":8,"featured_media":919468,"comment_status":"open","ping_status":"open","sticky":false,"template":"","format":"standard","meta":{"_acf_changed":false,"footnotes":"","jetpack_publicize_message":"","jetpack_publicize_feature_enabled":true,"jetpack_social_post_already_shared":false,"jetpack_social_options":{"image_generator_settings":{"template":"highway","default_image_id":0,"font":"","enabled":false},"version":2}},"categories":[8],"tags":[1877,8772],"naslovna":[],"class_list":["post-919467","post","type-post","status-publish","format-standard","has-post-thumbnail","hentry","category-ekonomija","tag-cbcg","tag-radovic"],"acf":[],"jetpack_publicize_connections":[],"_links":{"self":[{"href":"https:\/\/gradski.me\/en\/wp-json\/wp\/v2\/posts\/919467","targetHints":{"allow":["GET"]}}],"collection":[{"href":"https:\/\/gradski.me\/en\/wp-json\/wp\/v2\/posts"}],"about":[{"href":"https:\/\/gradski.me\/en\/wp-json\/wp\/v2\/types\/post"}],"author":[{"embeddable":true,"href":"https:\/\/gradski.me\/en\/wp-json\/wp\/v2\/users\/8"}],"replies":[{"embeddable":true,"href":"https:\/\/gradski.me\/en\/wp-json\/wp\/v2\/comments?post=919467"}],"version-history":[{"count":0,"href":"https:\/\/gradski.me\/en\/wp-json\/wp\/v2\/posts\/919467\/revisions"}],"wp:featuredmedia":[{"embeddable":true,"href":"https:\/\/gradski.me\/en\/wp-json\/wp\/v2\/media\/919468"}],"wp:attachment":[{"href":"https:\/\/gradski.me\/en\/wp-json\/wp\/v2\/media?parent=919467"}],"wp:term":[{"taxonomy":"category","embeddable":true,"href":"https:\/\/gradski.me\/en\/wp-json\/wp\/v2\/categories?post=919467"},{"taxonomy":"post_tag","embeddable":true,"href":"https:\/\/gradski.me\/en\/wp-json\/wp\/v2\/tags?post=919467"},{"taxonomy":"naslovna","embeddable":true,"href":"https:\/\/gradski.me\/en\/wp-json\/wp\/v2\/naslovna?post=919467"}],"curies":[{"name":"wp","href":"https:\/\/api.w.org\/{rel}","templated":true}]}}