{"id":919346,"date":"2025-07-21T05:28:17","date_gmt":"2025-07-21T03:28:17","guid":{"rendered":"https:\/\/gradski.me\/uncategorized\/deficit-fonda-pio-dostigao-232-miliona-eura\/"},"modified":"2025-07-21T05:28:17","modified_gmt":"2025-07-21T03:28:17","slug":"deficit-fonda-pio-dostigao-232-miliona-eura","status":"publish","type":"post","link":"https:\/\/gradski.me\/en\/ekonomija\/deficit-fonda-pio-dostigao-232-miliona-eura\/","title":{"rendered":"Deficit Fonda PIO dostigao 232 miliona eura"},"content":{"rendered":"<p>&#8222;Prihodi od doprinosa za \u0161est mjeseci ove godine iznose 161,85 miliona eura i manji su za oko 66 procenata od prihoda od doprinosa ostvarenih u 2024. godini, koji su iznosili 245,23 miliona eura. Op\u0161ti prihodi Bud\u017eeta \u2013 tj. nedostaju\u0107a sredstva ili deficit Fonda PIO, nominalno iznosi 232,32 miliona eura, \u0161to je za 106,98 odsto ve\u0107i iznos od deficita u 2024. godini, koji je iznosio 112,24 miliona eura&#8220;, kazali su &#8222;Danu&#8220; iz Fonda PIO.<\/p>\n\n\n\n<p>Kada je u pitanju 2023. godina, u istom periodu, odnosno za \u0161est mjeseci, deficit Fonda PIO je iznosio 43,68 miliona eura.<\/p>\n\n\n\n<p>Iz Fonda, \u010diji je direktor&nbsp;<strong>Vladimir Drobnjak<\/strong>, su naveli da se sredstva za isplatu kre\u0107u u okviru predvi\u0111enog plana potro\u0161nje u 2025. godini.<\/p>\n\n\n\n<p>U ovoj godini su od januara smanjeni doprinosi na zarade. Reforma poznatija kao &#8222;Evropa sad 2&#8220; je po\u010dela da se primjenjuje od 1. oktobra, kada su smanjeni doprinosi za PIO, a na ra\u010dun \u010dega su zaposlenima uve\u0107ane plate. Osim zaposlenih, doprinosi su smanjeni i na teret poslodavaca, koji su mogli taj dio poreskog olak\u0161anja da prenesu na radnike, odnosno da za taj procenat uve\u0107aju radnicima plate. Ta norma nije bila imperativna, ve\u0107 data na odlu\u010divanje poslodavcima.<\/p>\n\n\n\n<p>Minimalnu penziju primilo 66.596 korisnika<\/p>\n\n\n\n<p>Novim izmjenama i dopunama Zakona o PIO, koje su stupile na snagu 1. januara 2024. godine, shodno \u010dlanu 29. pomenutog zakona, najni\u017ea penzija iznosi 450 eura.<\/p>\n\n\n\n<p>Pomenutim izmjenama Zakona tako\u0111e je propisano da korisnici prava na starosnu, invalidsku i porodi\u010dnu penziju pripada razlika primanja do najni\u017eeg iznosa penzije.<\/p>\n\n\n\n<p>&#8222;Prema podacima iz isplatne baze za mjesec jun 2025. godine, broj korisnika koji prima penziju u iznosu od 450 eura je 47.908 dok je za isti mjesec ispla\u0107eno 18.688 razlika korisnicima do najni\u017eeg iznosa penzije&#8220;, kazali su iz Fonda.<\/p>\n\n\n\n<p>To bi zna\u010dilo da je minimalnu penziju u junu primilo 66.596 korisnika.<\/p>\n\n\n\n<p>&#8222;Prema posljednjim statisti\u010dkim podacima, koji se odnose na obra\u010dunatu penziju za jun 2025. godine, Fond PIO Crne Gore ispla\u0107uje 131.491 korisnika prava iz penzijskog i invalidskog osiguranja, koji su to pravo ostvarili shodno Zakonu o PIO ili primjenom me\u0111unarodnih sporazuma o socijalnom osiguranju zaklju\u010denim od strane Crne Gore. Navedeni broj obuhvata 120.724 korisnika prava u Crnoj Gori i 10.767 korisnika prava u inostranstvu. Od ukupnog broja korisnika prava u Crnoj Gori, 117.335 je penzionera, a 3.389 korisnika ostalih prava iz PIO (tjelesno o\u0161te\u0107enje, tu\u0111a pomo\u0107 i njega, naknada invalidima rada, dodatak na spomenicu). Van Crne Gore ispla\u0107uju se 10.697 korisnika penzije i 70 korisnika ostalih prava&#8220;, precizirali su iz Fonda.<\/p>\n\n\n\n<p>Broj penzionera u junu 2025. godine, u odnosu na decembar 2024. godine, uve\u0107an je za 0,91 odsto.<\/p>\n\n\n\n<p>&#8222;Struktura penzija po vrstama prava smatra se povoljnom, s obzirom na vi\u0161egodi\u0161nji trend porasta udjela starosnih i smanjenja udjela invalidskih penzija u ukupnom broju korisnika ovog prava. Tako\u0111e, konstantno je i smanjenje broja korisnika ostalih prava, s obzirom da se radi o ste\u010denim pravima koja se, od primjene novog Zakona o PIO, ne ostvaruju u Fondu PIO Crne Gore&#8220;, kazali su iz Fonda.<\/p>\n\n\n\n<p><\/p>","protected":false},"excerpt":{"rendered":"<p>Fond penzijskog i invalidskog osiguranja (PIO) ostvario je za \u0161est mjeseci ukupne primitke u iznosu od 394,18 miliona, \u0161to je za 10,27 odsto vi\u0161e nego u istom periodu lani, ali je na kraju juna bio u deficitu 232,32 miliona eura, pi\u0161e Dan.<\/p>","protected":false},"author":18,"featured_media":919347,"comment_status":"open","ping_status":"open","sticky":false,"template":"","format":"standard","meta":{"_acf_changed":false,"footnotes":"","jetpack_publicize_message":"","jetpack_publicize_feature_enabled":true,"jetpack_social_post_already_shared":false,"jetpack_social_options":{"image_generator_settings":{"template":"highway","default_image_id":0,"font":"","enabled":false},"version":2}},"categories":[8],"tags":[1499,5115],"naslovna":[],"class_list":["post-919346","post","type-post","status-publish","format-standard","has-post-thumbnail","hentry","category-ekonomija","tag-fond-pio","tag-penzioneri"],"acf":[],"jetpack_publicize_connections":[],"_links":{"self":[{"href":"https:\/\/gradski.me\/en\/wp-json\/wp\/v2\/posts\/919346","targetHints":{"allow":["GET"]}}],"collection":[{"href":"https:\/\/gradski.me\/en\/wp-json\/wp\/v2\/posts"}],"about":[{"href":"https:\/\/gradski.me\/en\/wp-json\/wp\/v2\/types\/post"}],"author":[{"embeddable":true,"href":"https:\/\/gradski.me\/en\/wp-json\/wp\/v2\/users\/18"}],"replies":[{"embeddable":true,"href":"https:\/\/gradski.me\/en\/wp-json\/wp\/v2\/comments?post=919346"}],"version-history":[{"count":0,"href":"https:\/\/gradski.me\/en\/wp-json\/wp\/v2\/posts\/919346\/revisions"}],"wp:featuredmedia":[{"embeddable":true,"href":"https:\/\/gradski.me\/en\/wp-json\/wp\/v2\/media\/919347"}],"wp:attachment":[{"href":"https:\/\/gradski.me\/en\/wp-json\/wp\/v2\/media?parent=919346"}],"wp:term":[{"taxonomy":"category","embeddable":true,"href":"https:\/\/gradski.me\/en\/wp-json\/wp\/v2\/categories?post=919346"},{"taxonomy":"post_tag","embeddable":true,"href":"https:\/\/gradski.me\/en\/wp-json\/wp\/v2\/tags?post=919346"},{"taxonomy":"naslovna","embeddable":true,"href":"https:\/\/gradski.me\/en\/wp-json\/wp\/v2\/naslovna?post=919346"}],"curies":[{"name":"wp","href":"https:\/\/api.w.org\/{rel}","templated":true}]}}