{"id":919330,"date":"2025-07-20T19:46:00","date_gmt":"2025-07-20T17:46:00","guid":{"rendered":"https:\/\/gradski.me\/uncategorized\/etno-sela-u-pivi-oko-90-odsto-gostiju-stranci-sve-bukirano-do-septembra\/"},"modified":"2025-07-20T19:46:00","modified_gmt":"2025-07-20T17:46:00","slug":"etno-sela-u-pivi-oko-90-odsto-gostiju-stranci-sve-bukirano-do-septembra","status":"publish","type":"post","link":"https:\/\/gradski.me\/en\/ekonomija\/etno-sela-u-pivi-oko-90-odsto-gostiju-stranci-sve-bukirano-do-septembra\/","title":{"rendered":"Etno sela u Pivi: Oko 90 odsto gostiju stranci, sve bukirano do septembra"},"content":{"rendered":"<p><\/p>\n\n\n\n<p>Povratak \u010dovjeka prirodi motiv je razvoja seoskog turizma. Dana\u0161nji gosti \u017eele aktivni odmor u prirodi, a to je i razlog ekspanzije te vrste turisti\u010dkog proizvoda.<\/p>\n\n\n\n<p>U etno selima u Pivi oko 90% su inostrani gosti koji \u017eele da u\u017eivaju u mirnom i prijatnom ambijentu.<\/p>\n\n\n\n<p>&#8222;Ljudi vole da provode vrijeme u prirodi, previ\u0161e je urban svijet postao, po\u0161to su gradovi nagomilani, previ\u0161e je betona. Ljudi prvenstveno dolaze ovdje da u\u017eivaju u prirodi, da u\u017eivaju i u nekim izletima koje mi organizujemo&#8220;, kazao je Boris Kruni\u0107 iz Etno sela Brezna.<\/p>\n\n\n\n<p>U Breznama i Rudinicama rezervacije za glavnu sezonu su dobre i ve\u0107 imaju najave za septembar i oktobar.<\/p>\n\n\n\n<p>&#8222;Mi imamo na\u0161e stalne goste koje nam dolaze u tim periodima juli, avgust, tako da su nam smje\u0161tajni kapaciteti zauzeti za ta dva mjeseca, tako da mi o\u010dekujemo solidnu sezonu. Prete\u017eno su na\u0161i gosti, a oni su gurmani, oni vole hedonizam, vole da u\u017eivaju u dobroj hrani, u prirodi, mada ima dosta i stranih gostiju. Sad to se iz godine u godinu mijenja. Nekad su Francuzi, nekad su Italijani, nekad su Njemci. Ove godine, \u010dak i pro\u0161le, bilo je dosta Izraelaca&#8220;,&nbsp;nagla\u0161ava Nenad Gogi\u0107 iz Etno sela Rudinice.<\/p>\n\n\n\n<p>&#8222;Mi imamo dobre najave kod nas i turoperatori sa kojima sara\u0111ujemo i ljudi iz inostranstva koji bukiraju, uglavnom bukiraju par mjeseci prije&#8220;, isti\u010de Kruni\u0107.<\/p>\n\n\n\n<p>I seoski turizam se suo\u010dava sa problemima na koje godinama skre\u0107u pa\u017enju i kako ka\u017eu, u\u010dinili su sve \u0161to je do vlasnika etnosela.<\/p>\n\n\n\n<p>&#8222;Zbog i letova i cijena i pove\u0107anja PDV-a, gdje je turisti\u010dka privreda najoptere\u0107enija pove\u0107anjem PDV-a sa 7 na 15%, gdje smo mi bili prinu\u0111eni da opet odmirimo i uve\u0107amo cijene, to uti\u010de na na\u0161 posao. Mislim da mora vi\u0161e ra\u010duna da se povede i o turizmu, ako je ve\u0107 to glavna grana u Crnoj Gori, da poslu\u0161aju malo i turisti\u010dku privredu, da vidimo koji su to problemi i kako zajedni\u010dki da ih prevazi\u0111emo, da Crna Gora bude stvarno dr\u017eava sa pet zvjezdica i primamljiva destinacija za goste \u0161irom svijeta&#8220;, nagla\u0161ava Kruni\u0107.<\/p>\n\n\n\n<p>Stanovnici Pive isti\u010du da bi se mogao bolje iskoristiti potencijal tog podru\u010dja. Najve\u0107i rezervat pitke vode na Balkanu, osim za proizvodnju struje, mogao bi se koristiti i za fla\u0161iranje i izvoz vode. Potom Pivsko jezero vide i kao potencijalni bazen za uzgoj pastrmke, a pogodno i za sportove na vodi kao i ure\u0111enje pla\u017ea.<a href=\"https:\/\/play.google.com\/store\/apps\/details?id=me.rtcg\" target=\"_blank\" rel=\"noreferrer noopener\"><\/a><a href=\"https:\/\/apps.apple.com\/us\/app\/rtcg\/id1400067551\" target=\"_blank\" rel=\"noreferrer noopener\"><\/a><\/p>\n\n\n\n<p><a target=\"_blank\" href=\"https:\/\/play.google.com\/store\/apps\/details?id=me.rtcg\" rel=\"noreferrer noopener\"><\/a><a target=\"_blank\" href=\"https:\/\/apps.apple.com\/us\/app\/rtcg\/id1400067551\" rel=\"noreferrer noopener\"><\/a><\/p>","protected":false},"excerpt":{"rendered":"<p>Seoski turizam po\u010deo je da se razvija prije petnaestak godina i etno sela danas su vidljiva na na\u0161oj turisti\u010dkoj mapi. Ekipa Televizije Crne Gore obi\u0161la je Breznu i Rudinice, kako bi vidjeli \u0161ta je to \u0161to privla\u010di turiste, uglavnom inostrane.<\/p>","protected":false},"author":1,"featured_media":919331,"comment_status":"open","ping_status":"open","sticky":false,"template":"","format":"standard","meta":{"_acf_changed":false,"footnotes":"","jetpack_publicize_message":"","jetpack_publicize_feature_enabled":true,"jetpack_social_post_already_shared":false,"jetpack_social_options":{"image_generator_settings":{"template":"highway","default_image_id":0,"font":"","enabled":false},"version":2}},"categories":[8],"tags":[22046,22047,22048,3920,3879],"naslovna":[],"class_list":["post-919330","post","type-post","status-publish","format-standard","has-post-thumbnail","hentry","category-ekonomija","tag-bukiranje","tag-etno-sela","tag-gosti-stranci","tag-piva","tag-septembar"],"acf":[],"jetpack_publicize_connections":[],"_links":{"self":[{"href":"https:\/\/gradski.me\/en\/wp-json\/wp\/v2\/posts\/919330","targetHints":{"allow":["GET"]}}],"collection":[{"href":"https:\/\/gradski.me\/en\/wp-json\/wp\/v2\/posts"}],"about":[{"href":"https:\/\/gradski.me\/en\/wp-json\/wp\/v2\/types\/post"}],"author":[{"embeddable":true,"href":"https:\/\/gradski.me\/en\/wp-json\/wp\/v2\/users\/1"}],"replies":[{"embeddable":true,"href":"https:\/\/gradski.me\/en\/wp-json\/wp\/v2\/comments?post=919330"}],"version-history":[{"count":0,"href":"https:\/\/gradski.me\/en\/wp-json\/wp\/v2\/posts\/919330\/revisions"}],"wp:featuredmedia":[{"embeddable":true,"href":"https:\/\/gradski.me\/en\/wp-json\/wp\/v2\/media\/919331"}],"wp:attachment":[{"href":"https:\/\/gradski.me\/en\/wp-json\/wp\/v2\/media?parent=919330"}],"wp:term":[{"taxonomy":"category","embeddable":true,"href":"https:\/\/gradski.me\/en\/wp-json\/wp\/v2\/categories?post=919330"},{"taxonomy":"post_tag","embeddable":true,"href":"https:\/\/gradski.me\/en\/wp-json\/wp\/v2\/tags?post=919330"},{"taxonomy":"naslovna","embeddable":true,"href":"https:\/\/gradski.me\/en\/wp-json\/wp\/v2\/naslovna?post=919330"}],"curies":[{"name":"wp","href":"https:\/\/api.w.org\/{rel}","templated":true}]}}