{"id":919238,"date":"2025-07-20T12:33:00","date_gmt":"2025-07-20T10:33:00","guid":{"rendered":"https:\/\/gradski.me\/uncategorized\/tesanovic-smeta-mi-sto-smo-odustali-u-jednom-momentu-za-ovu-mladu-ekipu-to-je-nedopustivo\/"},"modified":"2025-07-20T12:33:00","modified_gmt":"2025-07-20T10:33:00","slug":"tesanovic-smeta-mi-sto-smo-odustali-u-jednom-momentu-za-ovu-mladu-ekipu-to-je-nedopustivo","status":"publish","type":"post","link":"https:\/\/gradski.me\/en\/sport\/tesanovic-smeta-mi-sto-smo-odustali-u-jednom-momentu-za-ovu-mladu-ekipu-to-je-nedopustivo\/","title":{"rendered":"Te\u0161anovi\u0107: Smeta mi \u0161to smo odustali u jednom momentu, za ovu mladu ekipu to je nedopustivo"},"content":{"rendered":"<p>&#8222;Ajkule&#8220; izuzev uvodne \u010detvrtine nisu mogle da pariraju aktuelnom prvaku Evrope, a golman i kapiten na\u0161e reprezentacije Petar Te\u0161anovi\u0107 nije krio razo\u010daranje zbog lo\u0161e predstave i bio je surovo iskren. <\/p>\n\n\n\n<p>\u201cSmeta mi \u0161to smo odustali u jednom momentu tre\u0107e \u010detvrtine, nismo vi\u0161e poku\u0161avali, a to je nedopustivo za ovu mladu ekipu. Mlad igra\u010d to ne smije sebi da dozvoli. Nadam se da \u0107emo imati pravu reakciju u me\u010devima za plasman od 5. do 8. mjesta&#8220;, kazao je Te\u0161anovi\u0107 koji je sakupio 10 odbrana i bio maltene jedina svijetla ta\u010dka u debaklu od &#8222;furije&#8220;. <\/p>\n\n\n\n<figure class=\"wp-block-embed is-type-wp-embed is-provider-gradski-portal wp-block-embed-gradski-portal\"><div class=\"wp-block-embed__wrapper\">\n<blockquote class=\"wp-embedded-content\" data-secret=\"QiwClLg96j\"><a href=\"https:\/\/rtvpg.me\/savic-upali-smo-u-bunar-i-pravili-nedopustive-greske-ima-mnogo-toga-da-se-analizira\/\" target=\"_blank\" rel=\"noopener\">Savi\u0107: Upali smo u bunar i pravili nedopustive gre\u0161ke, ima mnogo toga da se analizira<\/a><\/blockquote><iframe class=\"wp-embedded-content\" sandbox=\"allow-scripts\" security=\"restricted\" style=\"position: absolute; visibility: hidden;\" title=\"&#132;Savi\u0107: Upali smo u bunar i pravili nedopustive gre\u0161ke, ima mnogo toga da se analizira&#147; &#8212; Gradski portal\" src=\"https:\/\/rtvpg.me\/savic-upali-smo-u-bunar-i-pravili-nedopustive-greske-ima-mnogo-toga-da-se-analizira\/embed\/#?secret=g7SfbLRbrj#?secret=QiwClLg96j\" data-secret=\"QiwClLg96j\" width=\"600\" height=\"338\" frameborder=\"0\" marginwidth=\"0\" marginheight=\"0\" scrolling=\"no\"><\/iframe>\n<\/div><\/figure>\n\n\n\n<p>Crna Gora je dobro u\u0161la u me\u010d, vodila 1:0, 2:1, i 3:2, imala peterac za plus dva, a onda je sve krenulo nizbro&#8230;<\/p>\n\n\n\n<p>\u201cKatastrofalna utakmica. Nismo iskoristili dobar po\u010detak. Previ\u0161e olako primljenih golova. Spremali smo se, gledali smo \u0161ta \u0160panci rade, ali potpuno smo bili dekoncentrisani. Propu\u0161tena je \u0161ansa na po\u010detku i poslije je \u0160panija po\u010dela da ulazi u svoj ritam i dobila je sigurnost u napadu&#8220;, poru\u010dio je Te\u0161anovi\u0107. <\/p>\n\n\n\n<figure class=\"wp-block-embed is-type-wp-embed is-provider-gradski-portal wp-block-embed-gradski-portal\"><div class=\"wp-block-embed__wrapper\">\n<blockquote class=\"wp-embedded-content\" data-secret=\"HKdlxx9VdD\"><a href=\"https:\/\/rtvpg.me\/uzivo-crna-gora-spanija\/\" target=\"_blank\" rel=\"noopener\">Kraj sna o medalji: \u0160panija prejaka za Crnu Goru, &#8222;ajkulama&#8220; slijedi razigravanje za plasman od 5. do 8. mjesta<\/a><\/blockquote><iframe class=\"wp-embedded-content\" sandbox=\"allow-scripts\" security=\"restricted\" style=\"position: absolute; visibility: hidden;\" title=\"&#132;Kraj sna o medalji: \u0160panija prejaka za Crnu Goru, &#8222;ajkulama&#8220; slijedi razigravanje za plasman od 5. do 8. mjesta&#147; &#8212; Gradski portal\" src=\"https:\/\/rtvpg.me\/uzivo-crna-gora-spanija\/embed\/#?secret=ll8AIKmWOZ#?secret=HKdlxx9VdD\" data-secret=\"HKdlxx9VdD\" width=\"600\" height=\"338\" frameborder=\"0\" marginwidth=\"0\" marginheight=\"0\" scrolling=\"no\"><\/iframe>\n<\/div><\/figure>\n\n\n\n<p>Izabranike Dejana Savi\u0107a o\u010dekuju jo\u0161 dva me\u010da za plasman od 5. do 8. mjesta, a prvi rival je Italija (utorak, 10h). <\/p>","protected":false},"excerpt":{"rendered":"<p>Crnogorski vaterpolisti pora\u017eeni su od \u0160panije (14:5) u \u010detvrtfinalu SP u Singapuru.<\/p>","protected":false},"author":7,"featured_media":919239,"comment_status":"open","ping_status":"open","sticky":false,"template":"","format":"standard","meta":{"_acf_changed":false,"footnotes":"","jetpack_publicize_message":"","jetpack_publicize_feature_enabled":true,"jetpack_social_post_already_shared":false,"jetpack_social_options":{"image_generator_settings":{"template":"highway","default_image_id":0,"font":"","enabled":false},"version":2}},"categories":[15],"tags":[16367,20714,14424,16873],"naslovna":[],"class_list":["post-919238","post","type-post","status-publish","format-standard","has-post-thumbnail","hentry","category-sport","tag-petar-tesanovic","tag-svjetsko-prvenstvo-u-vaterpolu-u-singapuru","tag-vaterpolo-reprezentacija-crne-gore","tag-vaterpolo-reprezentacija-spanije"],"acf":[],"jetpack_publicize_connections":[],"_links":{"self":[{"href":"https:\/\/gradski.me\/en\/wp-json\/wp\/v2\/posts\/919238","targetHints":{"allow":["GET"]}}],"collection":[{"href":"https:\/\/gradski.me\/en\/wp-json\/wp\/v2\/posts"}],"about":[{"href":"https:\/\/gradski.me\/en\/wp-json\/wp\/v2\/types\/post"}],"author":[{"embeddable":true,"href":"https:\/\/gradski.me\/en\/wp-json\/wp\/v2\/users\/7"}],"replies":[{"embeddable":true,"href":"https:\/\/gradski.me\/en\/wp-json\/wp\/v2\/comments?post=919238"}],"version-history":[{"count":0,"href":"https:\/\/gradski.me\/en\/wp-json\/wp\/v2\/posts\/919238\/revisions"}],"wp:featuredmedia":[{"embeddable":true,"href":"https:\/\/gradski.me\/en\/wp-json\/wp\/v2\/media\/919239"}],"wp:attachment":[{"href":"https:\/\/gradski.me\/en\/wp-json\/wp\/v2\/media?parent=919238"}],"wp:term":[{"taxonomy":"category","embeddable":true,"href":"https:\/\/gradski.me\/en\/wp-json\/wp\/v2\/categories?post=919238"},{"taxonomy":"post_tag","embeddable":true,"href":"https:\/\/gradski.me\/en\/wp-json\/wp\/v2\/tags?post=919238"},{"taxonomy":"naslovna","embeddable":true,"href":"https:\/\/gradski.me\/en\/wp-json\/wp\/v2\/naslovna?post=919238"}],"curies":[{"name":"wp","href":"https:\/\/api.w.org\/{rel}","templated":true}]}}