{"id":919149,"date":"2025-07-19T19:01:00","date_gmt":"2025-07-19T17:01:00","guid":{"rendered":"https:\/\/gradski.me\/uncategorized\/priznanja-jokovicu-i-radjenovicu\/"},"modified":"2025-07-19T19:01:00","modified_gmt":"2025-07-19T17:01:00","slug":"priznanja-jokovicu-i-radjenovicu","status":"publish","type":"post","link":"https:\/\/gradski.me\/en\/politika\/priznanja-jokovicu-i-radjenovicu\/","title":{"rendered":"Priznanja Jokovi\u0107u i Ra\u0111enovi\u0107u"},"content":{"rendered":"<p>Kako su rekli, osim Jokovi\u0107a, zahvalnicu za pomo\u0107 u izgradnji crkve dobio je i potpredsjednik partije Krsto Ra\u0111enovi\u0107.<\/p>\n\n\n\n<p>&#8222;U selu Dapsi\u0107e kod Berana danas je sve\u010dano osve\u0107en Hram Svetog Save, u prisustvu brojnih vjernika i gostiju iz Crne Gore i regiona. Doga\u0111aj je organizovala mitropolija budimljansko-nik\u0161i\u0107ka u saradnji sa Odborom za izgradnju Hrama Svetog Save. Osve\u0107enje novog hrama predstavlja krunu vi\u0161egodi\u0161njeg truda i nastojanja vjernika i dobrotvora, koji su ulo\u017eili snagu i ljubav u podizanje svetinje posve\u0107ene prvom arhiepiskopu srpskom&#8220;, pi\u0161e u saop\u0161tenju SNP-a.<\/p>\n\n\n\n<p><\/p>","protected":false},"excerpt":{"rendered":"<p>U Dapsi\u0107ima mitropolit budimljansko nik\u0161i\u0107ki Metodije dodijelio je predsjedniku Socijalisti\u010dke narodne partije Vladimiru Jokovi\u0107u gramatu u znak zahvalnosti za posve\u0107enost crkvi, kazali su iz SNP-a.<\/p>","protected":false},"author":16,"featured_media":919150,"comment_status":"open","ping_status":"open","sticky":false,"template":"","format":"standard","meta":{"_acf_changed":false,"footnotes":"","jetpack_publicize_message":"","jetpack_publicize_feature_enabled":true,"jetpack_social_post_already_shared":false,"jetpack_social_options":{"image_generator_settings":{"template":"highway","default_image_id":0,"font":"","enabled":false},"version":2}},"categories":[7],"tags":[2714,266,267],"naslovna":[],"class_list":["post-919149","post","type-post","status-publish","format-standard","has-post-thumbnail","hentry","category-politika","tag-krsto-radjenovic","tag-snp","tag-vladimir-jokovic"],"acf":[],"jetpack_publicize_connections":[],"_links":{"self":[{"href":"https:\/\/gradski.me\/en\/wp-json\/wp\/v2\/posts\/919149","targetHints":{"allow":["GET"]}}],"collection":[{"href":"https:\/\/gradski.me\/en\/wp-json\/wp\/v2\/posts"}],"about":[{"href":"https:\/\/gradski.me\/en\/wp-json\/wp\/v2\/types\/post"}],"author":[{"embeddable":true,"href":"https:\/\/gradski.me\/en\/wp-json\/wp\/v2\/users\/16"}],"replies":[{"embeddable":true,"href":"https:\/\/gradski.me\/en\/wp-json\/wp\/v2\/comments?post=919149"}],"version-history":[{"count":0,"href":"https:\/\/gradski.me\/en\/wp-json\/wp\/v2\/posts\/919149\/revisions"}],"wp:featuredmedia":[{"embeddable":true,"href":"https:\/\/gradski.me\/en\/wp-json\/wp\/v2\/media\/919150"}],"wp:attachment":[{"href":"https:\/\/gradski.me\/en\/wp-json\/wp\/v2\/media?parent=919149"}],"wp:term":[{"taxonomy":"category","embeddable":true,"href":"https:\/\/gradski.me\/en\/wp-json\/wp\/v2\/categories?post=919149"},{"taxonomy":"post_tag","embeddable":true,"href":"https:\/\/gradski.me\/en\/wp-json\/wp\/v2\/tags?post=919149"},{"taxonomy":"naslovna","embeddable":true,"href":"https:\/\/gradski.me\/en\/wp-json\/wp\/v2\/naslovna?post=919149"}],"curies":[{"name":"wp","href":"https:\/\/api.w.org\/{rel}","templated":true}]}}