{"id":918757,"date":"2025-07-18T07:50:00","date_gmt":"2025-07-18T05:50:00","guid":{"rendered":"https:\/\/gradski.me\/uncategorized\/perovic-dps-vocka-cudnovata\/"},"modified":"2025-07-18T07:50:00","modified_gmt":"2025-07-18T05:50:00","slug":"perovic-dps-vocka-cudnovata","status":"publish","type":"post","link":"https:\/\/gradski.me\/en\/drustvo\/perovic-dps-vocka-cudnovata\/","title":{"rendered":"Perovi\u0107: DPS \u2013 vo\u0107ka \u010dudnovata"},"content":{"rendered":"<p>&#8222;Ono zbog \u010dega sam se oglasio i pomenuo va\u0161u partiju, nema veze sa bilo kakvom \u201dopsesijom\u201d, nego sa legitimnom brigom za ure\u0111enje dru\u0161tva i dr\u017eave u kojoj zajedni\u010dki \u017eivimo. To da nijeste \u201dpseudo-crkva\u201d je poprili\u010dna novost u odnosu na va\u0161 Osmi partijski kongres (ne mislim na Osmu sjednicu komunista Srbije iz 1987. koja je trasirala va\u0161 dolazak na vlast u Crnoj Gori, nego ba\u0161 na kongres DPS) iz 2019.g. kada ste se veoma glasno, kao nominalno gra\u0111anska i multi-konfesionalna partija zalagali za obnovu \u201dCrnogorske pravoslavne crkve\u201d&#8220;, navodi se, izme\u0111u ostalog, u reagovanju sve\u0161tenika Perovi\u0107a.<\/p>\n\n\n\n<p>Uprkos, kako je naveo, jasnom odgovoru gra\u0111ana tokom 2020. \u0161ta oni misle o takvim pseudo-crkvenim nastojanjima, Perovi\u0107 ka\u017ee da su se iz DPS-a takvog narativa dr\u017eali i na kongresu 2021., da bi kao \u201dvo\u0107ka \u010dudnovata\u201d sve to poku\u0161ali da pre\u0107utite na partijskom kongresu ovog ljeta.<\/p>\n\n\n\n<p>Podsjetio je na sljede\u0107e:<\/p>\n\n\n\n<p>&#8222;Ako ste naprasno, po gubitku politi\u010dke vlasti, otkrili princip po\u0161tovanja i citiranja svega onoga \u0161to sadr\u017ee akta Carigradske patrijar\u0161ije (pa otuda, je li, SPC zovete \u201dcrkvom Srbije\u201d?) pitam vas kojim imenom zovete g. Mira\u0161a Dedeji\u0107a i sve one koje je on obukao u mantiju? S obzirom da ovog biv\u0161eg sve\u0161tenika Carigradske patrijar\u0161ije tamo smatraju \u201dra\u0161\u010dinjenim i prokletstvu predatim\u201d i da on nema, niti je ikada imao, vlast da nekoga rukopolo\u017ei u sve\u0161teni\u010dki \u010din. Ovo pitanje shvatite kao jedan moralni, jezi\u010dki i intelektualni test va\u0161e principijelnosti&#8220;, upitao je Perovi\u0107.<\/p>\n\n\n\n<p>U reagovanju je naveo da aktivna uloga crkava i crkvenih velikodostojnika u politi\u010dkim \u017eivotima, pa \u010dak i u politi\u010dkim kampanjama, nije nikakav incident, nego, kako je rekao, \u010desta praksa u politi\u010dkim sistemima kojima iz DPS nominalno te\u017ee.<\/p>\n\n\n\n<p>&#8222;&#8220;Revizija istorije? Pa va\u0161a partija je pravi \u201d\u010dudnovati plod\u201d istorijske revizije. Vi ste, i slikovito i bukvalno, \u201dpreko no\u0107i\u201d od komunista postali socijalisti, i pride \u201ddemokrate\u201d \u2013 a da se nijeste odrekli niti jednog monopola koga je SK CG stekao putem revolucije (nasilnog prevrata vlasti). U istom takvom maniru ste Titograd preimenovali u Podgoricu, dru\u0161tvenu i privatnu svojinu\u2026 a ne\u0161to kasnije srpski (kojim se pisalo i govorilo u Kraljevini Crnoj Gori) u crnogorski jezik, a ujedinjenje ju\u017enoslovenskih naroda 1918.g. u okupaciju Crne Gore\u2026 itd. I ko bi vam i\u0161ta zamjerio na tom legitimnom poku\u0161aju da \u201dponovo pogledate\u201d (revidirate) stvari iz pro\u0161losti, kada vi isti ne biste demonstrirali jednoumni poriv da drugima branite pravo da to isto urade?&#8220;, navodi se u reagovanju.<\/p>\n\n\n\n<p>Sve\u0161tenik Gojko Perovi\u0107, izme\u0111u ostalog, u reagovanju je naveo da briga DPS-a za naslje\u0111e i \u201dkompletno \u017eivotno djelo\u201d mitropolita Amfilohija jeste dirljiva, pogotovo, kako je rekao, sa aspekta sje\u0107anja na vrijeme kada je DPS predvodila pravi politi\u010dki i medijski juri\u0161 na njega li\u010dno, i na sve ono \u0161to je on stvorio.<\/p>\n\n\n\n<p>&#8222;Pa je tako Amfilohijeva obnova crkva i manastira uz pomo\u0107 vjernog naroda (gra\u0111ana Crne Gore) za vas bila naru\u0161avanje spomeni\u010dkog blaga (makar bilo rije\u010di i o hrpi kamenja u \u0161ta je bio pretvoren manastir Stanjevi\u0107i); njegova borba za svetosavlje i kosovski zavjet za vas je bila \u201duvo\u0111enje stranih kultova u Crnu Goru\u201d; njegov rad na osnivanju i modernizaciji crkvene misije, za vas je bila anti-dr\u017eavna propaganda&#8220;, navodi se izme\u0111u ostalog u reagovanju Perovi\u0107a.<\/p>\n\n\n\n<p>Dodao je da je ljudski i pozitivno \u0161to i od DPS-a \u010duje po neku rije\u010d brige za ono \u0161to je poslije Amfilohija ostalo.<\/p>\n\n\n\n<p>&#8222;Samo, red bi bio da se javnosti izvinite za va\u0161 vi\u0161egodi\u0161nji poku\u0161aj i namjeru da od Amfilohijevog djela u CG ne ostane ni traga, pa tek onda da vas \u010dujemo \u010dega ste se naknadno sjetili, kada sada \u201dbrinete\u201d da to djelo opstane. Kako god bilo, to njegovo naslje\u0111e mo\u017eete vidjeti svuda oko sebe, \u0161irom Crne Gore. Ono raste iz dana u dan, i njega ni\u0161ta ne mo\u017ee ukloniti&#8220;, zaklju\u010dio je Perovi\u0107.<\/p>","protected":false},"excerpt":{"rendered":"<p>Sve\u0161tenik Gojko Perovi\u0107 reagovao je na ju\u010dera\u0161nje saop\u0161tenje DPS-a, navode\u0107i da, iako mu ne pripada da kvalifikuje ne\u010dije politi\u010dke promjene, ne mo\u017ee da \u0107uti kada se neko ruga i ru\u017eno govori o crkvi.<\/p>","protected":false},"author":18,"featured_media":918758,"comment_status":"open","ping_status":"open","sticky":false,"template":"","format":"standard","meta":{"_acf_changed":false,"footnotes":"","jetpack_publicize_message":"","jetpack_publicize_feature_enabled":true,"jetpack_social_post_already_shared":false,"jetpack_social_options":{"image_generator_settings":{"template":"highway","default_image_id":0,"font":"","enabled":false},"version":2}},"categories":[9],"tags":[88,973],"naslovna":[],"class_list":["post-918757","post","type-post","status-publish","format-standard","has-post-thumbnail","hentry","category-drustvo","tag-dps","tag-gojko-perovic"],"acf":[],"jetpack_publicize_connections":[],"_links":{"self":[{"href":"https:\/\/gradski.me\/en\/wp-json\/wp\/v2\/posts\/918757","targetHints":{"allow":["GET"]}}],"collection":[{"href":"https:\/\/gradski.me\/en\/wp-json\/wp\/v2\/posts"}],"about":[{"href":"https:\/\/gradski.me\/en\/wp-json\/wp\/v2\/types\/post"}],"author":[{"embeddable":true,"href":"https:\/\/gradski.me\/en\/wp-json\/wp\/v2\/users\/18"}],"replies":[{"embeddable":true,"href":"https:\/\/gradski.me\/en\/wp-json\/wp\/v2\/comments?post=918757"}],"version-history":[{"count":0,"href":"https:\/\/gradski.me\/en\/wp-json\/wp\/v2\/posts\/918757\/revisions"}],"wp:featuredmedia":[{"embeddable":true,"href":"https:\/\/gradski.me\/en\/wp-json\/wp\/v2\/media\/918758"}],"wp:attachment":[{"href":"https:\/\/gradski.me\/en\/wp-json\/wp\/v2\/media?parent=918757"}],"wp:term":[{"taxonomy":"category","embeddable":true,"href":"https:\/\/gradski.me\/en\/wp-json\/wp\/v2\/categories?post=918757"},{"taxonomy":"post_tag","embeddable":true,"href":"https:\/\/gradski.me\/en\/wp-json\/wp\/v2\/tags?post=918757"},{"taxonomy":"naslovna","embeddable":true,"href":"https:\/\/gradski.me\/en\/wp-json\/wp\/v2\/naslovna?post=918757"}],"curies":[{"name":"wp","href":"https:\/\/api.w.org\/{rel}","templated":true}]}}